{"id":26447,"date":"2025-10-20T14:09:07","date_gmt":"2025-10-20T14:09:07","guid":{"rendered":"https:\/\/www.europesays.com\/lv\/26447\/"},"modified":"2025-10-20T14:09:07","modified_gmt":"2025-10-20T14:09:07","slug":"ptac-apturejis-ride-pakalpojumu-sniegsanu-dienas-bizness","status":"publish","type":"post","link":"https:\/\/www.europesays.com\/lv\/26447\/","title":{"rendered":"PTAC aptur\u0113jis Ride pakalpojumu snieg\u0161anu :: Dienas Bizness"},"content":{"rendered":"<p class=\"text-font font-size--text-xlarge margin-3--bottom font-weight--bold padding-1--top\">Pat\u0113r\u0113t\u0101ju ties\u012bbu aizsardz\u012bbas centrs (PTAC) ir pie\u0146\u0113mis l\u0113mumu p\u0101rtraukt SIA \u201cRIDE\u201d pied\u0101v\u0101to mikromobilit\u0101tes pakalpojumu snieg\u0161anu p\u0113c tra\u0123isk\u0101 negad\u012bjuma, kur\u0101 dz\u012bv\u012bbu zaud\u0113ja divas 13 gadus vecas meitenes, \u0161\u0137\u0113rsojot dzelzce\u013ca p\u0101rbrauktuvi ar nom\u0101tu pa\u0161g\u0101j\u0113ju velosip\u0113du.<\/p>\n<p class=\"text-font font-size--text-xlarge margin-3--bottom\">PTAC, izv\u0113rt\u0113jot publiski pieejamo inform\u0101ciju un veicot pakalpojuma p\u0101rbaudi, konstat\u0113ja, ka SIA \u201cRIDE\u201d mobilaj\u0101 lietotn\u0113 nav ieviesti efekt\u012bvi vecuma verifik\u0101cijas meh\u0101nismi, kas liegtu nepilngad\u012bg\u0101m person\u0101m piek\u013c\u016bt pakalpojumam. Lietot\u0101ji var\u0113ja ievad\u012bt br\u012bvi izv\u0113l\u0113tus dzim\u0161anas datus un apstiprin\u0101t pilngad\u012bbu bez jebk\u0101das p\u0101rbaudes.<\/p>\n<p class=\"text-font font-size--text-xlarge margin-3--bottom\">02.10.2025. PTAC sniedza nor\u0101d\u012bjumu, ka SIA \u201cRIDE\u201d pied\u0101v\u0101t\u0101 Pakalpojuma snieg\u0161ana nav pie\u013caujama, un t\u0101 tiek aptur\u0113ta l\u012bdz turpm\u0101ka PTAC l\u0113muma pie\u0146em\u0161anai, bet uz\u0146\u0113mums \u0161o nor\u0101d\u012bjumu nav pild\u012bjis.<\/p>\n<p class=\"text-font font-size--text-xlarge margin-3--bottom\">Paral\u0113li, PTAC sadarb\u012bb\u0101 ar Ce\u013cu satiksmes dro\u0161\u012bbas direkciju, Valsts policiju, R\u012bgas pa\u0161vald\u012bbu un B\u0113rnu kl\u012bnisk\u0101s universit\u0101tes slimn\u012bcas p\u0101rst\u0101vjiem veica pakalpojuma risku izv\u0113rt\u0113\u0161anu. Komisija secin\u0101ja, ka pakalpojums rada nopietnu apdraud\u0113jumu nepilngad\u012bgo dz\u012bv\u012bbai un vesel\u012bbai un neatbilst dro\u0161a pakalpojuma pras\u012bb\u0101m.<\/p>\n<p class=\"text-font font-size--text-xlarge margin-3--bottom\">Lai nov\u0113rstu turpm\u0101kus riskus, PTAC uzdod SIA \u201cRIDE\u201d nekav\u0113joties p\u0101rtraukt pakalpojuma snieg\u0161anu l\u012bdz br\u012bdim, kad tiks nodro\u0161in\u0101ta:<\/p>\n<p class=\"text-font font-size--text-xlarge margin-3--bottom\">\u2022 lietot\u0101ju identit\u0101tes un vecuma p\u0101rbaude;<\/p>\n<p class=\"text-font font-size--text-xlarge margin-3--bottom\">\u2022 pakalpojuma nepieejam\u012bba person\u0101m, kas nav sasniegu\u0161as 18 gadu vecumu;<\/p>\n<p class=\"text-font font-size--text-xlarge margin-3--bottom\">\u2022 papildus dro\u0161\u012bbas pas\u0101kumi, ja pakalpojums paredz\u0113ts ar\u012b nepilngad\u012bgajiem (piem\u0113ram, aizsardz\u012bbas l\u012bdzek\u013cu lieto\u0161ana, vec\u0101ku piekri\u0161ana, vismaz velosip\u0113da vad\u012b\u0161anas ties\u012bbu esam\u012bba).<\/p>\n<p class=\"text-font font-size--text-xlarge margin-3--bottom\">Pakalpojumu var ats\u0101kt sniegt tikai p\u0113c tam, kad uz\u0146\u0113mums ir iesniedzis iest\u0101dei izv\u0113rt\u0113\u0161anai pier\u0101d\u012bjumus par korekt\u012bvo pas\u0101kumu izpildi un korekt\u012bvie pas\u0101kumi ir saska\u0146oti ar PTAC.<\/p>\n<p class=\"text-font font-size--text-xlarge margin-3--bottom\">PTAC \u0161odien ir sa\u0146\u0113mis komersanta sniegto inform\u0101ciju par risin\u0101jumiem un to izv\u0113rt\u0113s, ta\u010du \u0161obr\u012bd pakalpojumu nedr\u012bkst sniegt l\u012bdz PTAC p\u0101rliecin\u0101sies, k\u0101 notiek lietot\u0101ju identit\u0101tes un vecuma p\u0101rbaude, k\u0101das metodes tiek izmantotas, k\u0101 ar\u012b kur un k\u0101 tiek ieg\u016bti dati, lai g\u016btu p\u0101rliec\u012bbu, ka persona ir pilngad\u012bga.<\/p>\n<p class=\"text-font font-size--text-xlarge margin-3--bottom\">Pagaid\u0101m pret\u0113ji l\u0113mum\u0101 nor\u0101d\u012btajam komersants turpina sniegt pakalpojumu. Ja uz\u0146\u0113mums labpr\u0101t\u012bgi neizpild\u012bs noteiktos pien\u0101kumus, PTAC uzs\u0101ks administrat\u012bv\u0101 akta piespiedu izpildi, piem\u0113rojot piespiedu naudu, kuras maksim\u0101lais apm\u0113rs var b\u016bt 10 000 EUR.<\/p>\n<p class=\"text-font font-size--text-xlarge margin-3--bottom\">Vienlaikus PTAC inform\u0113, ka tiek virz\u012bti groz\u012bjumi Ce\u013cu satiksmes likum\u0101, kas paredz\u0113s stingr\u0101kas pras\u012bbas pa\u0161g\u0101j\u0113ju velosip\u0113du izmanto\u0161anai, tostarp oblig\u0101tu re\u0123istr\u0101ciju, vecuma ierobe\u017eojumus un vad\u012b\u0161anas ties\u012bbu nepiecie\u0161am\u012bbu.<\/p>\n","protected":false},"excerpt":{"rendered":"Pat\u0113r\u0113t\u0101ju ties\u012bbu aizsardz\u012bbas centrs (PTAC) ir pie\u0146\u0113mis l\u0113mumu p\u0101rtraukt SIA \u201cRIDE\u201d pied\u0101v\u0101to mikromobilit\u0101tes pakalpojumu snieg\u0161anu p\u0113c tra\u0123isk\u0101 negad\u012bjuma,&hellip;\n","protected":false},"author":2,"featured_media":26448,"comment_status":"","ping_status":"","sticky":false,"template":"","format":"standard","meta":{"footnotes":""},"categories":[12],"tags":[23,869,77,870,28,29,867,32,33,22,30,31,35,39,38,36,37,34,871,868,40,20,26,27,24,25,21],"class_list":{"0":"post-26447","1":"post","2":"type-post","3":"status-publish","4":"format-standard","5":"has-post-thumbnail","7":"category-latvija","8":"tag-aktualitates","9":"tag-biznesa-zinas","10":"tag-bizness","11":"tag-bizness-latvija","12":"tag-breaking-news","13":"tag-breakingnews","14":"tag-dienas-zinas","15":"tag-featured-news","16":"tag-featurednews","17":"tag-headlines","18":"tag-latest-news","19":"tag-latestnews","20":"tag-latvia","21":"tag-latvian","22":"tag-latviesu","23":"tag-latviesu-valoda","24":"tag-latviesuvaloda","25":"tag-latvija","26":"tag-latvijas-biznesa-zinas","27":"tag-latvijas-zinas","28":"tag-lv","29":"tag-news","30":"tag-popularakas-zinas","31":"tag-popularakaszinas","32":"tag-top-stories","33":"tag-topstories","34":"tag-zinas"},"share_on_mastodon":{"url":"","error":""},"_links":{"self":[{"href":"https:\/\/www.europesays.com\/lv\/wp-json\/wp\/v2\/posts\/26447","targetHints":{"allow":["GET"]}}],"collection":[{"href":"https:\/\/www.europesays.com\/lv\/wp-json\/wp\/v2\/posts"}],"about":[{"href":"https:\/\/www.europesays.com\/lv\/wp-json\/wp\/v2\/types\/post"}],"author":[{"embeddable":true,"href":"https:\/\/www.europesays.com\/lv\/wp-json\/wp\/v2\/users\/2"}],"replies":[{"embeddable":true,"href":"https:\/\/www.europesays.com\/lv\/wp-json\/wp\/v2\/comments?post=26447"}],"version-history":[{"count":0,"href":"https:\/\/www.europesays.com\/lv\/wp-json\/wp\/v2\/posts\/26447\/revisions"}],"wp:featuredmedia":[{"embeddable":true,"href":"https:\/\/www.europesays.com\/lv\/wp-json\/wp\/v2\/media\/26448"}],"wp:attachment":[{"href":"https:\/\/www.europesays.com\/lv\/wp-json\/wp\/v2\/media?parent=26447"}],"wp:term":[{"taxonomy":"category","embeddable":true,"href":"https:\/\/www.europesays.com\/lv\/wp-json\/wp\/v2\/categories?post=26447"},{"taxonomy":"post_tag","embeddable":true,"href":"https:\/\/www.europesays.com\/lv\/wp-json\/wp\/v2\/tags?post=26447"}],"curies":[{"name":"wp","href":"https:\/\/api.w.org\/{rel}","templated":true}]}}