{"id":2648,"date":"2025-09-23T06:57:09","date_gmt":"2025-09-23T06:57:09","guid":{"rendered":"https:\/\/www.europesays.com\/lv\/2648\/"},"modified":"2025-09-23T06:57:09","modified_gmt":"2025-09-23T06:57:09","slug":"ukrainu-lidroboti-uzbrukusi-forosas-sanatorijai-apollo-lv","status":"publish","type":"post","link":"https:\/\/www.europesays.com\/lv\/2648\/","title":{"rendered":"Ukrai\u0146u lidroboti uzbruku\u0161i Forosas sanatorijai &#8211; Apollo.lv"},"content":{"rendered":"<ol>\n<li><a href=\"https:\/\/news.google.com\/rss\/articles\/CBMigwFBVV95cUxOc19kZjREYXpYVjVDZXZuSjFwT2lQZTcyWUFrQ1lnZjM4RmZtOElMN1BMOG5MYzVNQ2JWN2lCbS03bHlObEtyUlR2LUhyT0hwWndGN1dEZFg4SVRRc1NtcS1wYkJwdDcwT3l1eWgyYkJuaU1XWU5XeEt2THhZSDhJZHhQTQ?oc=5\" target=\"_blank\" rel=\"nofollow noopener\">Ukrai\u0146u lidroboti uzbruku\u0161i Forosas sanatorijai<\/a>&nbsp;&nbsp;Apollo.lv<\/li>\n<li><a href=\"https:\/\/news.google.com\/rss\/articles\/CBMi2gFBVV95cUxNemQySGVya1VoOEtVTk11QnJUY0diMlRUQjRlVUNmdlZ3ajFaaV9FQklrTnYtbEZ4ZnFnNDFpNFBZbU14aU02YXdQTjBYWGFUSGhYaWpWN1l4TUdXTVdUbkVSQUZSa1lUb21aV0lOYWU4Qy1ic1ZRMzQyZmJtV2Z6eXdUdVpmNThWSnhyM2lJYmVBRUFxdW1CN2lKNmZCQ3R1UlhXZ00xaG1jVGQ4aklfSEI2aEpuTm9FOHFWd2xwd3Z1SWRZcTBqYmVjeE9fOEVURFBZQWJ0REttQQ?oc=5\" target=\"_blank\" rel=\"nofollow noopener\">Ukrainas droni nodar\u012bju\u0161i boj\u0101jumus elektriskajai apak\u0161stacijai Krasnodaras novad\u0101 \/ Raksts<\/a>&nbsp;&nbsp;LSM<\/li>\n<li><a href=\"https:\/\/news.google.com\/rss\/articles\/CBMiswFBVV95cUxQV090QXJ2Q0dXc0l3TTVvTmlyMXd6S2JOaHM5UEtCNktuQjZRT21RSUQwdG14UVY1d3pwT0tUaE12ZHRpSnY5ZTBmUkxJOVpWSjZMTTNxRmd5Y0YybWZsS0hhU3lVb0lNX1pmUWxmaUxpV19FMXhuejFNUGwyX3VlUkE2MV94NE81aUh2ZTJWWDdUbEc4dkp1U21oOVFSd244bzhvdTdMQUJQczZGMk9CSnpJTQ?oc=5\" target=\"_blank\" rel=\"nofollow noopener\">Dronus virs Kopenh\u0101genas lidostas vad\u012bjis prasm\u012bgs pilots, nor\u0101da D\u0101nijas policija<\/a>&nbsp;&nbsp;tv3.lv<\/li>\n<li><a href=\"https:\/\/news.google.com\/rss\/articles\/CBMixgFBVV95cUxNQWZ3eDBiOWNqQWxfcXh1SmZWWWNsVnpFY3ZRdmFGWTZXWVNmTHc3U3BZREJDWENRRWNWYy1rZFVDWmFMUjdkUEl6dHdZM0JRMXBFX05pS0cxSjMxd0hCWkxlQ0J1eEp6UkNQM2lMcElWN3NFUVJlR3R6N1VVOVFMZXJwOGo3MkdWNHlMQUJHdFNvb1ZFbDUyclF4Vi01ZDFOWHh1UEdZOE5tZTZ5U2FVV3N5R3FJQVgwWTdSdGk0bkh6VUlxX2c?oc=5\" target=\"_blank\" rel=\"nofollow noopener\">Ukrainas triecieni Krim\u0101: m\u0113r\u0137\u0113ta Forosas sanatorija ar &#8220;svar\u012bgiem viesiem&#8221;<\/a>&nbsp;&nbsp;Lente.lv<\/li>\n<li><a href=\"https:\/\/news.google.com\/rss\/articles\/CBMitgFBVV95cUxNQnRGSzVwRG9aTEllRGhHNzVsVnVDV3NJUlh5YTRWbnhuNkdqRGc4MnA1eFg0dXRxaFVPN19sQVh3MXRpNy1Bdml6UzdvMURmSXV5VnE3QnFSNGNRLTF1ckxyN2VVQmlRVkQ3V084U0FwZzU1ZERVcGFFOEppOS1xU0JJemZXQUU3T0VoSmdMczBEb3dpX1pSZ185aVJUV1lPazJGb0RyNy1rb1ZILWlBRUxhZzFGdw?oc=5\" target=\"_blank\" rel=\"nofollow noopener\">Ukrainas lidroboti tr\u0101p\u012bju\u0161i \u0113kai Krim\u0101, kur atradu\u0161ies &#8220;\u013coti svar\u012bgi viesi&#8221;<\/a>&nbsp;&nbsp;Inbox.lv<\/li>\n<\/ol>\n","protected":false},"excerpt":{"rendered":"Ukrai\u0146u lidroboti uzbruku\u0161i Forosas sanatorijai&nbsp;&nbsp;Apollo.lv Ukrainas droni nodar\u012bju\u0161i boj\u0101jumus elektriskajai apak\u0161stacijai Krasnodaras novad\u0101 \/ Raksts&nbsp;&nbsp;LSM Dronus virs Kopenh\u0101genas&hellip;\n","protected":false},"author":2,"featured_media":2649,"comment_status":"","ping_status":"","sticky":false,"template":"","format":"standard","meta":{"footnotes":""},"categories":[5],"tags":[23,28,29,32,33,22,234,74,903,30,31,35,39,38,36,37,34,1428,40,20,26,27,24,25,276,21],"class_list":{"0":"post-2648","1":"post","2":"type-post","3":"status-publish","4":"format-standard","5":"has-post-thumbnail","7":"category-aktualitates","8":"tag-aktualitates","9":"tag-breaking-news","10":"tag-breakingnews","11":"tag-featured-news","12":"tag-featurednews","13":"tag-headlines","14":"tag-krievija","15":"tag-krievijas-iebrukums-ukraina","16":"tag-krima","17":"tag-latest-news","18":"tag-latestnews","19":"tag-latvia","20":"tag-latvian","21":"tag-latviesu","22":"tag-latviesu-valoda","23":"tag-latviesuvaloda","24":"tag-latvija","25":"tag-lidroboti","26":"tag-lv","27":"tag-news","28":"tag-popularakas-zinas","29":"tag-popularakaszinas","30":"tag-top-stories","31":"tag-topstories","32":"tag-ukraina","33":"tag-zinas"},"share_on_mastodon":{"url":"","error":""},"_links":{"self":[{"href":"https:\/\/www.europesays.com\/lv\/wp-json\/wp\/v2\/posts\/2648","targetHints":{"allow":["GET"]}}],"collection":[{"href":"https:\/\/www.europesays.com\/lv\/wp-json\/wp\/v2\/posts"}],"about":[{"href":"https:\/\/www.europesays.com\/lv\/wp-json\/wp\/v2\/types\/post"}],"author":[{"embeddable":true,"href":"https:\/\/www.europesays.com\/lv\/wp-json\/wp\/v2\/users\/2"}],"replies":[{"embeddable":true,"href":"https:\/\/www.europesays.com\/lv\/wp-json\/wp\/v2\/comments?post=2648"}],"version-history":[{"count":0,"href":"https:\/\/www.europesays.com\/lv\/wp-json\/wp\/v2\/posts\/2648\/revisions"}],"wp:featuredmedia":[{"embeddable":true,"href":"https:\/\/www.europesays.com\/lv\/wp-json\/wp\/v2\/media\/2649"}],"wp:attachment":[{"href":"https:\/\/www.europesays.com\/lv\/wp-json\/wp\/v2\/media?parent=2648"}],"wp:term":[{"taxonomy":"category","embeddable":true,"href":"https:\/\/www.europesays.com\/lv\/wp-json\/wp\/v2\/categories?post=2648"},{"taxonomy":"post_tag","embeddable":true,"href":"https:\/\/www.europesays.com\/lv\/wp-json\/wp\/v2\/tags?post=2648"}],"curies":[{"name":"wp","href":"https:\/\/api.w.org\/{rel}","templated":true}]}}