{"id":2650,"date":"2025-09-23T06:58:07","date_gmt":"2025-09-23T06:58:07","guid":{"rendered":"https:\/\/www.europesays.com\/lv\/2650\/"},"modified":"2025-09-23T06:58:07","modified_gmt":"2025-09-23T06:58:07","slug":"mes-legalizejamies-muzikis-artis-dvarionas-apprecejies-ar-ilggadejo-draudzeni-beati","status":"publish","type":"post","link":"https:\/\/www.europesays.com\/lv\/2650\/","title":{"rendered":"&#8220;M\u0113s legaliz\u0113j\u0101mies!&#8221; M\u016bzi\u0137is Artis Dvarionas apprec\u0113jies ar ilggad\u0113jo draudzeni Be\u0101ti"},"content":{"rendered":"<p>Artis Dvarionas<\/p>\n<p>Dzinis: 1974. gada 21. apr\u012bl\u012b, Kuld\u012bg\u0101.<\/p>\n<p>Nodarbo\u0161an\u0101s: m\u016bzi\u0137is (vok\u0101lists, bundzinieks), radio person\u012bba.<\/p>\n<p>Muzik\u0101l\u0101 karjera: darb\u012bbu s\u0101cis 90. gados Kuld\u012bgas pagr\u012bdes grup\u0101 &#8220;Dilon\u012bt, n\u0101c aps\u0113dies&#8221;.\u00a0Visliel\u0101ko atpaz\u012bstam\u012bbu guvis k\u0101 grupu &#8220;T\u0101 T\u0101 T\u0101&#8221; un &#8220;R.A.P.&#8221; (s\u0101kotn\u0113ji &#8220;R\u0101pu\u013ci ar putniem&#8221;) vok\u0101lists.\u00a0&#8220;R.A.P.&#8221; sa\u0146\u0113musi tr\u012bs Latvijas M\u016bzikas ierakstu gada balvas.\u00a02022. gad\u0101 s\u0101cis soloprojektu &#8220;Lapsene&#8221;.\u00a0P\u0113c 17 gadu p\u0101rtraukuma 2024. gad\u0101 atkalapvienoj\u0101s grupa &#8220;R.A.P.&#8221;.<\/p>\n<p>Darbs radio: kop\u0161 2002. gada ir Radio SWH un Radio SWH Rock \u0113tera person\u012bba, vada t\u0101dus raid\u012bjumus k\u0101 &#8220;Braucamlaiks&#8221; un &#8220;TOP 20&#8221;.<\/p>\n<p>Be\u0101te Dvarionas<\/p>\n<p>Ilggad\u0113ja Arta Dvarionas partnere, tagad sieva. P\u0113c k\u0101z\u0101m pie\u0146\u0113musi v\u012bra uzv\u0101rdu.<\/p>\n<p>T\u0101pat k\u0101 v\u012brs, ikdien\u0101 dod priek\u0161roku priv\u0101tumam un nev\u0113las atrasties uzman\u012bbas centr\u0101.<\/p>\n<p>Bildin\u0101jumu sa\u0146\u0113musi pusotru gadu pirms k\u0101z\u0101m sav\u0101 dzim\u0161anas dien\u0101 Berl\u012bn\u0113, kas ir abiem m\u012b\u013ca pils\u0113ta.<\/p>\n<p>Vair\u0101k lasi \u017eurn\u0101la &#8220;Kas Jauns&#8221; 23. septembra numur\u0101!\u00a0<\/p>\n","protected":false},"excerpt":{"rendered":"Artis Dvarionas Dzinis: 1974. gada 21. apr\u012bl\u012b, Kuld\u012bg\u0101. Nodarbo\u0161an\u0101s: m\u016bzi\u0137is (vok\u0101lists, bundzinieks), radio person\u012bba. Muzik\u0101l\u0101 karjera: darb\u012bbu s\u0101cis&hellip;\n","protected":false},"author":2,"featured_media":2651,"comment_status":"","ping_status":"","sticky":false,"template":"","format":"standard","meta":{"footnotes":""},"categories":[19],"tags":[1338,89,90,35,39,38,36,37,34,1429,40],"class_list":{"0":"post-2650","1":"post","2":"type-post","3":"status-publish","4":"format-standard","5":"has-post-thumbnail","7":"category-izklaide","8":"tag-artis-dvarionas","9":"tag-entertainment","10":"tag-izklaide","11":"tag-latvia","12":"tag-latvian","13":"tag-latviesu","14":"tag-latviesu-valoda","15":"tag-latviesuvaloda","16":"tag-latvija","17":"tag-latvijas-zurnali","18":"tag-lv"},"share_on_mastodon":{"url":"","error":""},"_links":{"self":[{"href":"https:\/\/www.europesays.com\/lv\/wp-json\/wp\/v2\/posts\/2650","targetHints":{"allow":["GET"]}}],"collection":[{"href":"https:\/\/www.europesays.com\/lv\/wp-json\/wp\/v2\/posts"}],"about":[{"href":"https:\/\/www.europesays.com\/lv\/wp-json\/wp\/v2\/types\/post"}],"author":[{"embeddable":true,"href":"https:\/\/www.europesays.com\/lv\/wp-json\/wp\/v2\/users\/2"}],"replies":[{"embeddable":true,"href":"https:\/\/www.europesays.com\/lv\/wp-json\/wp\/v2\/comments?post=2650"}],"version-history":[{"count":0,"href":"https:\/\/www.europesays.com\/lv\/wp-json\/wp\/v2\/posts\/2650\/revisions"}],"wp:featuredmedia":[{"embeddable":true,"href":"https:\/\/www.europesays.com\/lv\/wp-json\/wp\/v2\/media\/2651"}],"wp:attachment":[{"href":"https:\/\/www.europesays.com\/lv\/wp-json\/wp\/v2\/media?parent=2650"}],"wp:term":[{"taxonomy":"category","embeddable":true,"href":"https:\/\/www.europesays.com\/lv\/wp-json\/wp\/v2\/categories?post=2650"},{"taxonomy":"post_tag","embeddable":true,"href":"https:\/\/www.europesays.com\/lv\/wp-json\/wp\/v2\/tags?post=2650"}],"curies":[{"name":"wp","href":"https:\/\/api.w.org\/{rel}","templated":true}]}}