{"id":2652,"date":"2025-09-23T06:59:10","date_gmt":"2025-09-23T06:59:10","guid":{"rendered":"https:\/\/www.europesays.com\/lv\/2652\/"},"modified":"2025-09-23T06:59:10","modified_gmt":"2025-09-23T06:59:10","slug":"meitenu-milulis-harijs-stailzs-noskrejis-berlines-maratonu","status":"publish","type":"post","link":"https:\/\/www.europesays.com\/lv\/2652\/","title":{"rendered":"Meite\u0146u m\u012blulis Harijs Stailzs noskr\u0113jis Berl\u012bnes maratonu"},"content":{"rendered":"<p>Organizatori apstiprin\u0101ja &#8220;Associated Press&#8221;, ka dzied\u0101t\u0101js\u00a0piedal\u012bjies maraton\u0101. Viet\u0113j\u0101 av\u012bze &#8220;Der Tagesspiegel&#8221;\u00a0bija pirm\u0101, kas zi\u0146oja par vi\u0146a dal\u012bbu.<\/p>\n<p>31 gadu vecais biju\u0161ais pui\u0161u grupas &#8220;One Direction&#8221;\u00a0bija viens no aptuveni 55 000 skr\u0113j\u0113jiem, kas piedal\u012bj\u0101s sacens\u012bb\u0101s. T\u0101s tiek\u00a0uzskat\u012btas par \u0101tr\u0101kaj\u0101m maratona sacens\u012bb\u0101m pasaul\u0113.<\/p>\n<p>Stailzs,\u00a0izmantojot pseidon\u012bmu &#8220;Sted Sarandos&#8221;\u00a0un uz galvas uzvelkot lenti un saulesbrilles, distanci veica tr\u012bs\u00a0stund\u0101s, 59 min\u016bt\u0113s un 13 sekund\u0113s. Maratons, kas pievar\u0113ts\u00a0\u0101tr\u0101k par tr\u012bs\u00a0stund\u0101m, ir daudzu maratona skr\u0113j\u0113ju iecien\u012bts m\u0113r\u0137is.<\/p>\n<p>&#8220;Der Tagesspiegel&#8221;\u00a0zi\u0146oja, ka Stailzs\u00a0jau bija redz\u0113ts skrienam Berl\u012bn\u0113, gatavojoties sv\u0113tdienas skr\u0113jienam.<\/p>\n<p>Stailzs\u00a0bija redzams fini\u0161\u0101 kop\u0101 ar Ri\u010dardu Vaith\u012bdu, divk\u0101rt\u0113jo zelta meda\u013cas ieguv\u0113ju 200 metru skr\u0113jien\u0101 Paralimpiskaj\u0101s sp\u0113l\u0113s.<\/p>\n<p>Dzied\u0101t\u0101ja debijas albums &#8220;Harry Styles&#8221; ie\u0146\u0113ma pirmo vietu albumu top\u0101 ASV, Lielbrit\u0101nij\u0101 un vair\u0101k\u0101s cit\u0101s valst\u012bs, bet otrais albums &#8220;Fine Line&#8221;\u00a0izn\u0101ca 2019. gad\u0101 un taj\u0101 bija iek\u013cauta &#8220;Grammy&#8221;\u00a0balvu ieguvus\u012b dziesma &#8220;Watermelon Sugar&#8221;.<\/p>\n","protected":false},"excerpt":{"rendered":"Organizatori apstiprin\u0101ja &#8220;Associated Press&#8221;, ka dzied\u0101t\u0101js\u00a0piedal\u012bjies maraton\u0101. Viet\u0113j\u0101 av\u012bze &#8220;Der Tagesspiegel&#8221;\u00a0bija pirm\u0101, kas zi\u0146oja par vi\u0146a dal\u012bbu. 31&hellip;\n","protected":false},"author":2,"featured_media":2653,"comment_status":"","ping_status":"","sticky":false,"template":"","format":"standard","meta":{"footnotes":""},"categories":[17],"tags":[63,35,39,38,36,37,34,40,1431,1430,67],"class_list":{"0":"post-2652","1":"post","2":"type-post","3":"status-publish","4":"format-standard","5":"has-post-thumbnail","7":"category-sports","8":"tag-arvalstis","9":"tag-latvia","10":"tag-latvian","11":"tag-latviesu","12":"tag-latviesu-valoda","13":"tag-latviesuvaloda","14":"tag-latvija","15":"tag-lv","16":"tag-skriesana","17":"tag-slavenibas","18":"tag-sports"},"share_on_mastodon":{"url":"","error":""},"_links":{"self":[{"href":"https:\/\/www.europesays.com\/lv\/wp-json\/wp\/v2\/posts\/2652","targetHints":{"allow":["GET"]}}],"collection":[{"href":"https:\/\/www.europesays.com\/lv\/wp-json\/wp\/v2\/posts"}],"about":[{"href":"https:\/\/www.europesays.com\/lv\/wp-json\/wp\/v2\/types\/post"}],"author":[{"embeddable":true,"href":"https:\/\/www.europesays.com\/lv\/wp-json\/wp\/v2\/users\/2"}],"replies":[{"embeddable":true,"href":"https:\/\/www.europesays.com\/lv\/wp-json\/wp\/v2\/comments?post=2652"}],"version-history":[{"count":0,"href":"https:\/\/www.europesays.com\/lv\/wp-json\/wp\/v2\/posts\/2652\/revisions"}],"wp:featuredmedia":[{"embeddable":true,"href":"https:\/\/www.europesays.com\/lv\/wp-json\/wp\/v2\/media\/2653"}],"wp:attachment":[{"href":"https:\/\/www.europesays.com\/lv\/wp-json\/wp\/v2\/media?parent=2652"}],"wp:term":[{"taxonomy":"category","embeddable":true,"href":"https:\/\/www.europesays.com\/lv\/wp-json\/wp\/v2\/categories?post=2652"},{"taxonomy":"post_tag","embeddable":true,"href":"https:\/\/www.europesays.com\/lv\/wp-json\/wp\/v2\/tags?post=2652"}],"curies":[{"name":"wp","href":"https:\/\/api.w.org\/{rel}","templated":true}]}}