{"id":26548,"date":"2025-10-20T16:42:04","date_gmt":"2025-10-20T16:42:04","guid":{"rendered":"https:\/\/www.europesays.com\/lv\/26548\/"},"modified":"2025-10-20T16:42:04","modified_gmt":"2025-10-20T16:42:04","slug":"zviedrijas-futbola-izlasi-vadis-premjerliga-stradajusais-poters","status":"publish","type":"post","link":"https:\/\/www.europesays.com\/lv\/26548\/","title":{"rendered":"Zviedrijas futbola izlasi vad\u012bs premjerl\u012bg\u0101 str\u0101d\u0101ju\u0161ais Poters"},"content":{"rendered":"<p>L\u012bgums ar Poteru nosl\u0113gts l\u012bdz martam, ta\u010du tas tiks pagarin\u0101ts, ja vi\u0146am izdosies Zviedriju ieviest Pasaules kausa fin\u0101lturn\u012br\u0101.<\/p>\n<p>P\u0113c diviem zaud\u0113jumiem Kosovai zviedri tikpat k\u0101 atvad\u012bju\u0161ies no izredz\u0113m piedal\u012bties pat &#8220;play-off&#8221; k\u0101rt\u0101. Pag\u0101ju\u0161aj\u0101 ned\u0113\u013c\u0101 no komandas galven\u0101 trenera amata tika atbr\u012bvots d\u0101nis Jons D\u0101ls Tomasons.<\/p>\n<p>Poters trenera karjer\u0101 izlauz\u0101s tie\u0161i Zviedrij\u0101, kur no 2011. l\u012bdz 2018. gadam vad\u012bja &#8220;Ostersund&#8221; vien\u012bbu. Ang\u013ca vad\u012bb\u0101 Este\u0161undas futbolisti no ceturt\u0101s div\u012bzijas aizc\u012bn\u012bj\u0101s l\u012bdz augst\u0101kajai l\u012bgai, turkl\u0101t 2017. gad\u0101 izc\u012bn\u012bja Zviedrijas kausu.<\/p>\n<p>P\u0113c\u0101k vi\u0146\u0161 atgriez\u0101s Lielbrit\u0101nij\u0101, kur vad\u012bja Svons\u012b &#8220;City&#8221;, Braitonas un Havas &#8220;Albion&#8221;, Londonas &#8220;Chelsea&#8221; un Vesthemas &#8220;United&#8221; komandas. P\u0113d\u0113j\u0101 no t\u0101m bija Vesthemas komanda, kas vi\u0146u septembr\u012b atbr\u012bvoja no amata slikt\u0101 sezonas starta d\u0113\u013c.<\/p>\n","protected":false},"excerpt":{"rendered":"L\u012bgums ar Poteru nosl\u0113gts l\u012bdz martam, ta\u010du tas tiks pagarin\u0101ts, ja vi\u0146am izdosies Zviedriju ieviest Pasaules kausa fin\u0101lturn\u012br\u0101.&hellip;\n","protected":false},"author":2,"featured_media":26549,"comment_status":"","ping_status":"","sticky":false,"template":"","format":"standard","meta":{"footnotes":""},"categories":[17],"tags":[1375,35,39,38,36,37,34,40,67],"class_list":{"0":"post-26548","1":"post","2":"type-post","3":"status-publish","4":"format-standard","5":"has-post-thumbnail","7":"category-sports","8":"tag-futbols-pasaule","9":"tag-latvia","10":"tag-latvian","11":"tag-latviesu","12":"tag-latviesu-valoda","13":"tag-latviesuvaloda","14":"tag-latvija","15":"tag-lv","16":"tag-sports"},"share_on_mastodon":{"url":"","error":""},"_links":{"self":[{"href":"https:\/\/www.europesays.com\/lv\/wp-json\/wp\/v2\/posts\/26548","targetHints":{"allow":["GET"]}}],"collection":[{"href":"https:\/\/www.europesays.com\/lv\/wp-json\/wp\/v2\/posts"}],"about":[{"href":"https:\/\/www.europesays.com\/lv\/wp-json\/wp\/v2\/types\/post"}],"author":[{"embeddable":true,"href":"https:\/\/www.europesays.com\/lv\/wp-json\/wp\/v2\/users\/2"}],"replies":[{"embeddable":true,"href":"https:\/\/www.europesays.com\/lv\/wp-json\/wp\/v2\/comments?post=26548"}],"version-history":[{"count":0,"href":"https:\/\/www.europesays.com\/lv\/wp-json\/wp\/v2\/posts\/26548\/revisions"}],"wp:featuredmedia":[{"embeddable":true,"href":"https:\/\/www.europesays.com\/lv\/wp-json\/wp\/v2\/media\/26549"}],"wp:attachment":[{"href":"https:\/\/www.europesays.com\/lv\/wp-json\/wp\/v2\/media?parent=26548"}],"wp:term":[{"taxonomy":"category","embeddable":true,"href":"https:\/\/www.europesays.com\/lv\/wp-json\/wp\/v2\/categories?post=26548"},{"taxonomy":"post_tag","embeddable":true,"href":"https:\/\/www.europesays.com\/lv\/wp-json\/wp\/v2\/tags?post=26548"}],"curies":[{"name":"wp","href":"https:\/\/api.w.org\/{rel}","templated":true}]}}