{"id":26552,"date":"2025-10-20T16:52:08","date_gmt":"2025-10-20T16:52:08","guid":{"rendered":"https:\/\/www.europesays.com\/lv\/26552\/"},"modified":"2025-10-20T16:52:08","modified_gmt":"2025-10-20T16:52:08","slug":"sodra-un-ikea-zemes-darijumam-bus-nepieciesams-ari-valdibas-lemums","status":"publish","type":"post","link":"https:\/\/www.europesays.com\/lv\/26552\/","title":{"rendered":"&#8220;Sodra&#8221; un &#8220;IKEA&#8221; zemes dar\u012bjumam b\u016bs nepiecie\u0161ams ar\u012b vald\u012bbas l\u0113mums"},"content":{"rendered":"<p>P\u0113c Klausa iepriek\u0161 teikt\u0101, &#8220;Sodra&#8221; pied\u0101v\u0101ja ieg\u0101d\u0101ties apm\u0113ram 2% no Latvijas kop\u0113j\u0101s me\u017eu plat\u012bbas.<\/p>\n<p>Savuk\u0101rt zemkop\u012bbas ministrs <a href=\"https:\/\/www.apollo.lv\/term\/555718\/armands-krauze\" class=\"topicLink\" target=\"_blank\" rel=\"nofollow noopener\">Armands Krauze<\/a> (ZZS) iepriek\u0161 uzsv\u0113ra, ka Latvijai ir j\u0101izmanto \u0161\u012b iesp\u0113ja un j\u0101ieg\u0101d\u0101jas pied\u0101v\u0101tie <a href=\"https:\/\/www.apollo.lv\/term\/653521\/mezi\" class=\"topicLink\" target=\"_blank\" rel=\"nofollow noopener\">me\u017ei<\/a>, piebilstot, ka tas ir nacion\u0101lo intere\u0161u jaut\u0101jums, tostarp valsts dro\u0161\u012bbas un ekonomisk\u0101s dro\u0161\u012bbas jaut\u0101jums. T\u0101pat vi\u0146\u0161 bija ieteicis mekl\u0113t finan\u0161u instrumentus, kurus izmantojot Latvija \u0161\u012bs zemes var\u0113tu ieg\u0101d\u0101ties, piem\u0113ram, pensiju fondus, kurus var\u0113tu ieguld\u012bt.<\/p>\n<p>Tom\u0113r \u0161ogad maij\u0101 ministrs pazi\u0146oja, ka Latvija vairs nevar iesniegt pied\u0101v\u0101jumus &#8220;Sodra&#8221; par tai piedero\u0161o Latvijas me\u017eu atpirk\u0161anu, jo sarun\u0101s ar AS &#8220;Latvijas valsts me\u017ei&#8221; (LVM) uz\u0146\u0113mums atteicies pagarin\u0101t pied\u0101v\u0101jumu iesnieg\u0161anas termi\u0146u.<\/p>\n<p>Ministrs nor\u0101d\u012bja, ka LVM iepriek\u0161 komunic\u0113ja ar koncernu par potenci\u0101lu \u0161o me\u017eu ieg\u0101di, bet, lai Latvijas valsts vai k\u0101ds valsts uz\u0146\u0113mums me\u017eus var\u0113tu ieg\u0101d\u0101ties, ir nepiecie\u0161ams vald\u012bbas l\u0113mums. T\u0101p\u0113c LVM l\u016bdza pagarin\u0101t priek\u0161likumu iesnieg\u0161anas termi\u0146u, bet &#8220;Sodra&#8221; l\u016bgumu noraid\u012bja. T\u0101p\u0113c Latvija pied\u0101v\u0101jumu me\u017eu ieg\u0101dei vairs nevar\u0113ja iesniegt.<\/p>\n<p>&#8220;Ingka Investments&#8221; l\u012bdz \u0161im pieder\u0113ja 110 000 hekt\u0101ru zemes Latvij\u0101.<\/p>\n<p>&#8220;Ingka Investments&#8221; ir &#8220;IKEA&#8221; liel\u0101k\u0101 veikalu operatora &#8220;Ingka Group&#8221; invest\u012bciju strukt\u016brvien\u012bba, kas kopum\u0101 apsaimnieko vair\u0101k nek\u0101 331 500 hekt\u0101rus me\u017eu zemes.<\/p>\n<p>&#8220;Ingka Group&#8221; darbojas 31 valst\u012b un nodro\u0161ina aptuveni 90% no &#8220;IKEA&#8221; kop\u0113j\u0101s mazumtirdzniec\u012bbas apgroz\u012bjuma. Grupa pieder labdar\u012bbas fondam. &#8220;Ingka Group&#8221; neveic mazumtirdzniec\u012bbas darb\u012bbu Baltij\u0101. &#8220;IKEA&#8221; veikalu operators Baltij\u0101 ir &#8220;Inter <a href=\"https:\/\/www.apollo.lv\/term\/419\/ikea\" class=\"topicLink\" target=\"_blank\" rel=\"nofollow noopener\">IKEA<\/a> Group&#8221;.<\/p>\n<p>&#8220;Ingka Investments Latvia&#8221; finan\u0161u gad\u0101, kas ilga no 2023. gada 1. septembra l\u012bdz 2024. gada 31. augustam, str\u0101d\u0101ja ar 9,566 miljonu eiro apgroz\u012bjumu un 1,762 miljonu eiro pe\u013c\u0146u. Uz\u0146\u0113mums pieder N\u012bderland\u0113 re\u0123istr\u0113tajam &#8220;Ingka Investments Sustainable Resources&#8221;.<\/p>\n<p>&#8220;Sodra&#8221; grupas p\u0101rst\u0101vis Latvij\u0101, kas specializ\u0113jas me\u017ekop\u012bb\u0101 un me\u017eizstr\u0101d\u0113, SIA &#8220;Sodra Forest Latvia&#8221; 2024. gad\u0101 str\u0101d\u0101ja ar 5,361 miljona eiro apgroz\u012bjumu, kas ir par 37,9% vair\u0101k nek\u0101 gadu iepriek\u0161, bet komp\u0101nijas pe\u013c\u0146a sasniedza 12 074 eiro pret\u0113ji zaud\u0113jumiem gadu iepriek\u0161, liecina &#8220;Firmas.lv&#8221; publiskot\u0101 inform\u0101cija.<\/p>\n<p>Komp\u0101nija &#8220;Sodra Forest Latvia&#8221; re\u0123istr\u0113ta 2003. gad\u0101, un t\u0101s pamatkapit\u0101ls ir 106,026 miljoni eiro. Komp\u0101nijas vien\u012bgais \u012bpa\u0161nieks ir Zviedrijas &#8220;Sodra Skogsagarna ekonomisk forening&#8221;.<\/p>\n","protected":false},"excerpt":{"rendered":"P\u0113c Klausa iepriek\u0161 teikt\u0101, &#8220;Sodra&#8221; pied\u0101v\u0101ja ieg\u0101d\u0101ties apm\u0113ram 2% no Latvijas kop\u0113j\u0101s me\u017eu plat\u012bbas. Savuk\u0101rt zemkop\u012bbas ministrs Armands&hellip;\n","protected":false},"author":2,"featured_media":26553,"comment_status":"","ping_status":"","sticky":false,"template":"","format":"standard","meta":{"footnotes":""},"categories":[5],"tags":[23,665,28,29,32,33,22,284,30,31,35,39,38,36,37,34,40,2225,20,26,27,24,25,3607,21],"class_list":{"0":"post-26552","1":"post","2":"type-post","3":"status-publish","4":"format-standard","5":"has-post-thumbnail","7":"category-aktualitates","8":"tag-aktualitates","9":"tag-armands-krauze","10":"tag-breaking-news","11":"tag-breakingnews","12":"tag-featured-news","13":"tag-featurednews","14":"tag-headlines","15":"tag-ikea","16":"tag-latest-news","17":"tag-latestnews","18":"tag-latvia","19":"tag-latvian","20":"tag-latviesu","21":"tag-latviesu-valoda","22":"tag-latviesuvaloda","23":"tag-latvija","24":"tag-lv","25":"tag-mezi","26":"tag-news","27":"tag-popularakas-zinas","28":"tag-popularakaszinas","29":"tag-top-stories","30":"tag-topstories","31":"tag-zemkopibas-ministrija","32":"tag-zinas"},"share_on_mastodon":{"url":"","error":""},"_links":{"self":[{"href":"https:\/\/www.europesays.com\/lv\/wp-json\/wp\/v2\/posts\/26552","targetHints":{"allow":["GET"]}}],"collection":[{"href":"https:\/\/www.europesays.com\/lv\/wp-json\/wp\/v2\/posts"}],"about":[{"href":"https:\/\/www.europesays.com\/lv\/wp-json\/wp\/v2\/types\/post"}],"author":[{"embeddable":true,"href":"https:\/\/www.europesays.com\/lv\/wp-json\/wp\/v2\/users\/2"}],"replies":[{"embeddable":true,"href":"https:\/\/www.europesays.com\/lv\/wp-json\/wp\/v2\/comments?post=26552"}],"version-history":[{"count":0,"href":"https:\/\/www.europesays.com\/lv\/wp-json\/wp\/v2\/posts\/26552\/revisions"}],"wp:featuredmedia":[{"embeddable":true,"href":"https:\/\/www.europesays.com\/lv\/wp-json\/wp\/v2\/media\/26553"}],"wp:attachment":[{"href":"https:\/\/www.europesays.com\/lv\/wp-json\/wp\/v2\/media?parent=26552"}],"wp:term":[{"taxonomy":"category","embeddable":true,"href":"https:\/\/www.europesays.com\/lv\/wp-json\/wp\/v2\/categories?post=26552"},{"taxonomy":"post_tag","embeddable":true,"href":"https:\/\/www.europesays.com\/lv\/wp-json\/wp\/v2\/tags?post=26552"}],"curies":[{"name":"wp","href":"https:\/\/api.w.org\/{rel}","templated":true}]}}