{"id":2658,"date":"2025-09-23T07:03:15","date_gmt":"2025-09-23T07:03:15","guid":{"rendered":"https:\/\/www.europesays.com\/lv\/2658\/"},"modified":"2025-09-23T07:03:15","modified_gmt":"2025-09-23T07:03:15","slug":"nacionalas-identitates-sargs-un-atmodas-laika-ietekmetaja-lente-lv","status":"publish","type":"post","link":"https:\/\/www.europesays.com\/lv\/2658\/","title":{"rendered":"Nacion\u0101l\u0101s Identit\u0101tes Sargs un Atmodas Laika Ietekm\u0113t\u0101ja\u00a0\u2014\u00a0Lente.lv"},"content":{"rendered":"<p>D\u017eemmas Skulmes Neizsak\u0101m\u0101 Mantojums: Nacion\u0101l\u0101s Identit\u0101tes Sargs un Atmodas Laika Ietekm\u0113t\u0101ja<\/p>\n<p>D\u017eemmas Skulmes dai\u013crade un person\u012bba joproj\u0101m dzi\u013ci rezon\u0113 Latvijas kult\u016bras telp\u0101, liekot m\u0101kslas zin\u0101tniekiem un sabiedr\u012bbai kopum\u0101 mekl\u0113t v\u0101rdus, lai pilnv\u0113rt\u012bgi aptvertu vi\u0146as milz\u012bgo noz\u012bmi. K\u0101 m\u0101ksliniece, kurai izdev\u0101s ne tikai saglab\u0101t, bet ar\u012b spilgti apliecin\u0101t nacion\u0101lo identit\u0101ti savos darbos, D\u017eemma Skulme ir k\u013cuvusi par ikonu, kuras ietekme p\u0101rsniedz m\u0101kslas aprindas.<\/p>\n<p>M\u0101kslinieciskais Spilgtums un Nacion\u0101l\u0101 Identit\u0101te<\/p>\n<p>D\u017eemmas Skulmes m\u0101ksla vienm\u0113r ir bijusi cie\u0161i saist\u012bta ar Latvijas dv\u0113seli. Vi\u0146as audekli, bie\u017ei vien monument\u0101li un ener\u0123iski, atspogu\u013co tautas v\u0113sturi, mitolo\u0123iju un ikdienas dz\u012bvi ar dzi\u013cu emp\u0101tiju un izpratni. Gleznot\u0101ja sp\u0113ja savos darbos ietvert latvisk\u0101s identit\u0101tes kodolu, padarot to saprotamu un m\u012blamu gan Latvijas iedz\u012bvot\u0101jiem, gan pasaules m\u0101kslas cien\u012bt\u0101jiem. Vi\u0146as darbi nav tikai est\u0113tiski baud\u012bjumi; tie ir vizu\u0101li st\u0101sti, kas stiprina pieder\u012bbas saj\u016btu un nacion\u0101lo pa\u0161apzi\u0146u.<\/p>\n<p>L\u012bdere Atmodas Laik\u0101: Dipl\u014dmatiskais Talants un Sabiedrisk\u0101 Darb\u012bba<\/p>\n<p>D\u017eemma Skulme nebija tikai talant\u012bga m\u0101ksliniece; vi\u0146a bija ar\u012b spilgta sabiedriska un politiska person\u012bba. Daudzus gadus vadot Latvijas M\u0101kslinieku savien\u012bbu, vi\u0146a akt\u012bvi darboj\u0101s, lai aizst\u0101v\u0113tu un att\u012bst\u012btu Latvijas kult\u016bru. Vi\u0146as loma Latvijas neatkar\u012bbas atjauno\u0161anas proces\u0101 bija \u012bpa\u0161i noz\u012bm\u012bga. K\u0101 st\u0101sta m\u0101kslas zin\u0101tniece Ingr\u012bda Bur\u0101ne, Skulmes sp\u0113ja sarun\u0101ties, dzi\u013c\u0101 cie\u0146a pret citiem cilv\u0113kiem, diplom\u0101tiskais talants un oratora dot\u012bbas bija neatsveramas v\u0113rt\u012bbas sare\u017e\u0123\u012btaj\u0101 politiskaj\u0101 ain\u0101. \u0160\u012bs \u012bpa\u0161\u012bbas \u013c\u0101va vi\u0146ai efekt\u012bvi p\u0101rst\u0101v\u0113t Latvijas intereses un veicin\u0101t valsts suverenit\u0101ti. Vi\u0146as ener\u0123ija un p\u0101rliec\u012bba iedvesmoja daudzus, padarot vi\u0146u par vienu no atpaz\u012bstam\u0101kaj\u0101m un cien\u012bjam\u0101kaj\u0101m Atmodas laika person\u012bb\u0101m.<\/p>\n<p>M\u016b\u017e\u012bg\u0101 Ietekme un Atzin\u012bba<\/p>\n<p>M\u0101kslas zin\u0101tniece Inga \u0160teimane un m\u0101kslinieks Juris Petra\u0161kevi\u010ds, t\u0101pat k\u0101 Ingr\u012bda Bur\u0101ne, uzsver D\u017eemmas Skulmes unik\u0101lo vietu Latvijas m\u0101kslas un sabiedr\u012bbas v\u0113stur\u0113. Vi\u0146u kop\u012bg\u0101 atzi\u0146a liecina, ka v\u0113l joproj\u0101m esam p\u0101r\u0101k tuvu, lai piln\u012bb\u0101 nov\u0113rt\u0113tu vi\u0146as mantojuma dzi\u013cumu un pla\u0161umu tautas dz\u012bv\u0113. Tom\u0113r ir skaidrs, ka D\u017eemma Skulme ir atst\u0101jusi neizdz\u0113\u0161amu nospiedumu, k\u013c\u016bstot par simbolu gan m\u0101kslinieciskai izcil\u012bbai, gan pilsoniskai drosmei. Vi\u0146as v\u0101rds ir k\u013cuvis par sinon\u012bmu sp\u0113c\u012bgai nacion\u0101lajai identit\u0101tei un neatlaid\u012bgam darbam Latvijas lab\u0101. Katrs vi\u0146as darbs un katra publisk\u0101 uzst\u0101\u0161an\u0101s bija apliecin\u0101jums dzi\u013cai m\u012blest\u012bbai pret dzimteni un stingrai tic\u012bbai t\u0101s n\u0101kotnei.<\/p>\n<p>Iedvesmas Avots N\u0101kamaj\u0101m Paaudz\u0113m<\/p>\n<p>D\u017eemmas Skulmes dz\u012bvesst\u0101sts un rado\u0161ais devums turpina iedvesmot jaun\u0101s paaudzes. Vi\u0146as sp\u0113ja apvienot m\u0101ksliniecisko talantu ar akt\u012bvu pilsonisko poz\u012bciju kalpo k\u0101 spilgts piem\u0113rs tam, k\u0101 viens cilv\u0113ks var ietekm\u0113t visas tautas likteni. Vi\u0146as piemi\u0146a tiek godin\u0101ta ar izst\u0101d\u0113m, publik\u0101cij\u0101m un diskusij\u0101m, kas pal\u012bdz saglab\u0101t vi\u0146as mantojumu dz\u012bvu un atkl\u0101t t\u0101 jaunus aspektus. D\u017eemma Skulme ir un paliks viena no spilgt\u0101kaj\u0101m zvaigzn\u0113m Latvijas kult\u016bras debes\u012bs, simboliz\u0113jot sp\u0113ku, skaistumu un neizsme\u013camu patriotisma garu.<\/p>\n","protected":false},"excerpt":{"rendered":"D\u017eemmas Skulmes Neizsak\u0101m\u0101 Mantojums: Nacion\u0101l\u0101s Identit\u0101tes Sargs un Atmodas Laika Ietekm\u0113t\u0101ja D\u017eemmas Skulmes dai\u013crade un person\u012bba joproj\u0101m dzi\u013ci&hellip;\n","protected":false},"author":2,"featured_media":2659,"comment_status":"","ping_status":"","sticky":false,"template":"","format":"standard","meta":{"footnotes":""},"categories":[5],"tags":[23,1434,28,29,156,32,33,22,30,31,35,39,38,36,37,34,1432,40,1435,1433,20,26,27,24,25,21],"class_list":{"0":"post-2658","1":"post","2":"type-post","3":"status-publish","4":"format-standard","5":"has-post-thumbnail","7":"category-aktualitates","8":"tag-aktualitates","9":"tag-atmoda","10":"tag-breaking-news","11":"tag-breakingnews","12":"tag-dzemma-skulme","13":"tag-featured-news","14":"tag-featurednews","15":"tag-headlines","16":"tag-latest-news","17":"tag-latestnews","18":"tag-latvia","19":"tag-latvian","20":"tag-latviesu","21":"tag-latviesu-valoda","22":"tag-latviesuvaloda","23":"tag-latvija","24":"tag-latvijas-maksla","25":"tag-lv","26":"tag-makslas-zinatniece","27":"tag-nacionala-identitate","28":"tag-news","29":"tag-popularakas-zinas","30":"tag-popularakaszinas","31":"tag-top-stories","32":"tag-topstories","33":"tag-zinas"},"share_on_mastodon":{"url":"","error":""},"_links":{"self":[{"href":"https:\/\/www.europesays.com\/lv\/wp-json\/wp\/v2\/posts\/2658","targetHints":{"allow":["GET"]}}],"collection":[{"href":"https:\/\/www.europesays.com\/lv\/wp-json\/wp\/v2\/posts"}],"about":[{"href":"https:\/\/www.europesays.com\/lv\/wp-json\/wp\/v2\/types\/post"}],"author":[{"embeddable":true,"href":"https:\/\/www.europesays.com\/lv\/wp-json\/wp\/v2\/users\/2"}],"replies":[{"embeddable":true,"href":"https:\/\/www.europesays.com\/lv\/wp-json\/wp\/v2\/comments?post=2658"}],"version-history":[{"count":0,"href":"https:\/\/www.europesays.com\/lv\/wp-json\/wp\/v2\/posts\/2658\/revisions"}],"wp:featuredmedia":[{"embeddable":true,"href":"https:\/\/www.europesays.com\/lv\/wp-json\/wp\/v2\/media\/2659"}],"wp:attachment":[{"href":"https:\/\/www.europesays.com\/lv\/wp-json\/wp\/v2\/media?parent=2658"}],"wp:term":[{"taxonomy":"category","embeddable":true,"href":"https:\/\/www.europesays.com\/lv\/wp-json\/wp\/v2\/categories?post=2658"},{"taxonomy":"post_tag","embeddable":true,"href":"https:\/\/www.europesays.com\/lv\/wp-json\/wp\/v2\/tags?post=2658"}],"curies":[{"name":"wp","href":"https:\/\/api.w.org\/{rel}","templated":true}]}}