{"id":26581,"date":"2025-10-20T17:24:23","date_gmt":"2025-10-20T17:24:23","guid":{"rendered":"https:\/\/www.europesays.com\/lv\/26581\/"},"modified":"2025-10-20T17:24:23","modified_gmt":"2025-10-20T17:24:23","slug":"andreja-ciganika-dramatiskie-varti-lucernai-atnes-izglabsanos-pret-lozannas-sport-lente-lv","status":"publish","type":"post","link":"https:\/\/www.europesays.com\/lv\/26581\/","title":{"rendered":"Andreja Ciga\u0146ika dr\u0101matiskie v\u0101rti Lucernai atnes izgl\u0101b\u0161anos pret Lozannas &#8220;Sport&#8221;\u00a0\u2014\u00a0Lente.lv"},"content":{"rendered":"<p>Ciga\u0146ika dr\u0101ma: Lucerna atsp\u0113l\u0113 0:2 un izgl\u0101bj punktu<\/p>\n<p>Latvijas futbola talants Andrejs Ciga\u0146iks sav\u0101 otraj\u0101 puslaika laukum\u0101 Lucernas komandas rind\u0101s guvis pirmos v\u0101rtus \u0160veices Superl\u012bg\u0101 \u0161osezon. Ciga\u0146iks ar prec\u012bzu sitienu otraj\u0101 puslaik\u0101 pan\u0101ca neiz\u0161\u0137irtu 2:2 sp\u0113l\u0113 pret Lozannas &#8220;Sport&#8221;, nodro\u0161inot savai komandai v\u0113rt\u012bgu punktu. Sp\u0113les liktenis iz\u0161\u0137\u012br\u0101s dramatisk\u0101s p\u0113d\u0113j\u0101s min\u016bt\u0113s.<\/p>\n<p>V\u0113l 84. min\u016bt\u0113 Lucernas futbolisti atrad\u0101s b\u0113d\u012bg\u0101 situ\u0101cij\u0101, esot iedzin\u0113jos ar 0:2. Ta\u010du, pateicoties Latvijas izlases sp\u0113l\u0113t\u0101ja spo\u017eajai realiz\u0101cijai un komandas biedru neatlaid\u012bbai, rezult\u0101ts tika izl\u012bdzin\u0101ts. Ciga\u0146ika v\u0101rti k\u013cuva par atsp\u0113riena punktu, kas \u013c\u0101va Lucernai izvair\u012bties no zaud\u0113juma un par\u0101d\u012bt c\u012b\u0146assparu.<\/p>\n<p>\u0160is ir noz\u012bm\u012bgs br\u012bdis gan Ciga\u0146ikam person\u012bgi, gan visai komandai. P\u0113c p\u0101rcel\u0161an\u0101s uz Lucernu 2024. gada j\u016blij\u0101, vi\u0146am ir bijusi nepiecie\u0161ama adapt\u0101cijas laika, lai pier\u0101d\u012btu savu v\u0113rt\u012bbu. \u0160is pan\u0101kums neap\u0161aub\u0101mi vairos p\u0101rliec\u012bbu par sevi un dos impulsu turpm\u0101kaj\u0101m sp\u0113l\u0113m.<\/p>\n<p>Atsp\u0113l\u0113\u0161an\u0101s no 0:2 ir patiesa liec\u012bba par Lucernas komandas raksturu un sp\u0113ju saglab\u0101t v\u0113su pr\u0101tu spiediena apst\u0101k\u013cos. Ciga\u0146ika fini\u0161s bija prec\u012bzs un iz\u0161\u0137iro\u0161s, radot milz\u012bgu prieku un atvieglojumu gan sp\u0113l\u0113t\u0101jiem, gan l\u012bdzjut\u0113jiem.<\/p>\n","protected":false},"excerpt":{"rendered":"Ciga\u0146ika dr\u0101ma: Lucerna atsp\u0113l\u0113 0:2 un izgl\u0101bj punktu Latvijas futbola talants Andrejs Ciga\u0146iks sav\u0101 otraj\u0101 puslaika laukum\u0101 Lucernas&hellip;\n","protected":false},"author":2,"featured_media":26582,"comment_status":"","ping_status":"","sticky":false,"template":"","format":"standard","meta":{"footnotes":""},"categories":[17],"tags":[4416,676,35,39,38,36,37,34,8284,40,4700,67,8285],"class_list":{"0":"post-26581","1":"post","2":"type-post","3":"status-publish","4":"format-standard","5":"has-post-thumbnail","7":"category-sports","8":"tag-andrejs-ciganiks","9":"tag-futbols","10":"tag-latvia","11":"tag-latvian","12":"tag-latviesu","13":"tag-latviesu-valoda","14":"tag-latviesuvaloda","15":"tag-latvija","16":"tag-lucerna","17":"tag-lv","18":"tag-neizskirts","19":"tag-sports","20":"tag-sveices-superliga"},"share_on_mastodon":{"url":"","error":""},"_links":{"self":[{"href":"https:\/\/www.europesays.com\/lv\/wp-json\/wp\/v2\/posts\/26581","targetHints":{"allow":["GET"]}}],"collection":[{"href":"https:\/\/www.europesays.com\/lv\/wp-json\/wp\/v2\/posts"}],"about":[{"href":"https:\/\/www.europesays.com\/lv\/wp-json\/wp\/v2\/types\/post"}],"author":[{"embeddable":true,"href":"https:\/\/www.europesays.com\/lv\/wp-json\/wp\/v2\/users\/2"}],"replies":[{"embeddable":true,"href":"https:\/\/www.europesays.com\/lv\/wp-json\/wp\/v2\/comments?post=26581"}],"version-history":[{"count":0,"href":"https:\/\/www.europesays.com\/lv\/wp-json\/wp\/v2\/posts\/26581\/revisions"}],"wp:featuredmedia":[{"embeddable":true,"href":"https:\/\/www.europesays.com\/lv\/wp-json\/wp\/v2\/media\/26582"}],"wp:attachment":[{"href":"https:\/\/www.europesays.com\/lv\/wp-json\/wp\/v2\/media?parent=26581"}],"wp:term":[{"taxonomy":"category","embeddable":true,"href":"https:\/\/www.europesays.com\/lv\/wp-json\/wp\/v2\/categories?post=26581"},{"taxonomy":"post_tag","embeddable":true,"href":"https:\/\/www.europesays.com\/lv\/wp-json\/wp\/v2\/tags?post=26581"}],"curies":[{"name":"wp","href":"https:\/\/api.w.org\/{rel}","templated":true}]}}