{"id":265978,"date":"2026-08-10T14:23:15","date_gmt":"2026-08-10T14:23:15","guid":{"rendered":"https:\/\/www.europesays.com\/lv\/265978\/"},"modified":"2026-08-10T14:23:15","modified_gmt":"2026-08-10T14:23:15","slug":"slepkaviba-priekule-tiesa-patur-apcietinajuma-aizdomas-tureto-policistu","status":"publish","type":"post","link":"https:\/\/www.europesays.com\/lv\/265978\/","title":{"rendered":"Slepkav\u012bba Priekul\u0113: tiesa patur apcietin\u0101jum\u0101 aizdom\u0101s tur\u0113to policistu"},"content":{"rendered":"<p>Dro\u0161\u012bbas l\u012bdzekli bija p\u0101rs\u016bdz\u0113jis aiztur\u0113t\u0101 aizst\u0101vis.<\/p>\n<p>Jau zi\u0146ots, ka pils\u0113tas sv\u0113tku laik\u0101 Priekul\u0113 izc\u0113l\u0101s konflikts starp vair\u0101k\u0101m person\u0101m, kura laik\u0101 \u0101rpus darba pien\u0101kumu pild\u012b\u0161anas stipr\u0101 alkohola reibum\u0101 eso\u0161ais policists vienam v\u012brietim nodar\u012bja n\u0101v\u0113jo\u0161us miesas boj\u0101jumus. Neatliekam\u0101s medic\u012bnisk\u0101s pal\u012bdz\u012bbas dienesta medi\u0137i cent\u0101s vi\u0146am pal\u012bdz\u0113t, tom\u0113r v\u012brietis \u0101tr\u0101s pal\u012bdz\u012bbas automa\u0161\u012bn\u0101 nomira.<\/p>\n<p>A\u0123ent\u016bras LETA r\u012bc\u012bb\u0101 eso\u0161\u0101 inform\u0101cija liecina, ka apcietin\u0101tais ir policijas jaun\u0101kais inspektors Andis Silnieks, kura amats bija saist\u012bts ar rea\u0123\u0113\u0161anas funkciju veik\u0161anu. Policij\u0101 vi\u0146\u0161 dien kop\u0161 2022. gada septembra, un disciplin\u0101rsodu vi\u0146am nav bijis.<\/p>\n<p>Savuk\u0101rt boj\u0101g\u0101ju\u0161ais ir Liep\u0101jas M\u016bzikas, m\u0101kslas un dizaina vidusskolas pedagogs un izgl\u012bt\u012bbas programmas &#8220;Ap\u0123\u0113rbu dizains&#8221; vad\u012bt\u0101js Normunds Vamzis.<\/p>\n<p>Iek\u0161\u0113j\u0101s dro\u0161\u012bbas biroj\u0101 (IDB) inform\u0113ja, ka krimin\u0101lprocess s\u0101kts p\u0113c Krimin\u0101llikuma 125. panta tre\u0161\u0101s da\u013cas &#8211; par t\u012b\u0161a smaga miesas boj\u0101juma nodar\u012b\u0161anu, kas vain\u012bg\u0101 neuzman\u012bbas d\u0113\u013c bijis par iemeslu cietu\u0161\u0101 n\u0101vei.<\/p>\n<p>Kurzemes rajona <a href=\"https:\/\/www.tvnet.lv\/term\/565583\/tiesa\" class=\"topicLink\" target=\"_blank\" rel=\"nofollow noopener\">tiesa<\/a> iepriek\u0161 aiztur\u0113tajam policistam k\u0101 dro\u0161\u012bbas l\u012bdzekli piem\u0113roja apcietin\u0101jumu.<\/p>\n<p>Aiztur\u0113tais, kur\u0161 bija stipr\u0101 alkohola reibum\u0101, izmekl\u0113t\u0101jiem apgalvojis, ka neatceras notiku\u0161o, intervij\u0101 Latvijas Telev\u012bzijai atzina Valsts policijas priek\u0161nieks Armands Ruks.<\/p>\n","protected":false},"excerpt":{"rendered":"Dro\u0161\u012bbas l\u012bdzekli bija p\u0101rs\u016bdz\u0113jis aiztur\u0113t\u0101 aizst\u0101vis. Jau zi\u0146ots, ka pils\u0113tas sv\u0113tku laik\u0101 Priekul\u0113 izc\u0113l\u0101s konflikts starp vair\u0101k\u0101m person\u0101m,&hellip;\n","protected":false},"author":2,"featured_media":265979,"comment_status":"","ping_status":"","sticky":false,"template":"","format":"standard","meta":{"footnotes":"","_share_on_mastodon":"0"},"categories":[5],"tags":[23,28,29,32,33,22,30,31,35,39,38,36,37,34,40,20,26,27,314,375,24,25,138,21],"class_list":["post-265978","post","type-post","status-publish","format-standard","has-post-thumbnail","category-aktualitates","tag-aktualitates","tag-breaking-news","tag-breakingnews","tag-featured-news","tag-featurednews","tag-headlines","tag-latest-news","tag-latestnews","tag-latvia","tag-latvian","tag-latviesu","tag-latviesu-valoda","tag-latviesuvaloda","tag-latvija","tag-lv","tag-news","tag-popularakas-zinas","tag-popularakaszinas","tag-slepkavibas","tag-tiesa","tag-top-stories","tag-topstories","tag-valsts-policija","tag-zinas"],"share_on_mastodon":{"url":"https:\/\/pubeurope.com\/@lv\/117071669021520158","error":""},"_links":{"self":[{"href":"https:\/\/www.europesays.com\/lv\/wp-json\/wp\/v2\/posts\/265978","targetHints":{"allow":["GET"]}}],"collection":[{"href":"https:\/\/www.europesays.com\/lv\/wp-json\/wp\/v2\/posts"}],"about":[{"href":"https:\/\/www.europesays.com\/lv\/wp-json\/wp\/v2\/types\/post"}],"author":[{"embeddable":true,"href":"https:\/\/www.europesays.com\/lv\/wp-json\/wp\/v2\/users\/2"}],"replies":[{"embeddable":true,"href":"https:\/\/www.europesays.com\/lv\/wp-json\/wp\/v2\/comments?post=265978"}],"version-history":[{"count":0,"href":"https:\/\/www.europesays.com\/lv\/wp-json\/wp\/v2\/posts\/265978\/revisions"}],"wp:featuredmedia":[{"embeddable":true,"href":"https:\/\/www.europesays.com\/lv\/wp-json\/wp\/v2\/media\/265979"}],"wp:attachment":[{"href":"https:\/\/www.europesays.com\/lv\/wp-json\/wp\/v2\/media?parent=265978"}],"wp:term":[{"taxonomy":"category","embeddable":true,"href":"https:\/\/www.europesays.com\/lv\/wp-json\/wp\/v2\/categories?post=265978"},{"taxonomy":"post_tag","embeddable":true,"href":"https:\/\/www.europesays.com\/lv\/wp-json\/wp\/v2\/tags?post=265978"}],"curies":[{"name":"wp","href":"https:\/\/api.w.org\/{rel}","templated":true}]}}