{"id":26611,"date":"2025-10-20T17:52:16","date_gmt":"2025-10-20T17:52:16","guid":{"rendered":"https:\/\/www.europesays.com\/lv\/26611\/"},"modified":"2025-10-20T17:52:16","modified_gmt":"2025-10-20T17:52:16","slug":"salacgriva-saks-izmantot-jauno-tiltu-un-atcels-ierobezojumus-kravas-transportam-tvnet","status":"publish","type":"post","link":"https:\/\/www.europesays.com\/lv\/26611\/","title":{"rendered":"Salacgr\u012bv\u0101 s\u0101ks izmantot jauno tiltu un atcels ierobe\u017eojumus kravas transportam &#8211; TVNET"},"content":{"rendered":"<ol>\n<li><a href=\"https:\/\/news.google.com\/rss\/articles\/CBMirAFBVV95cUxQN3l6c0pJM09LanpmY2x2WEtaYS1hQXphbi15SXduRFppaDFOUkVBN3Fobko3eEpteDcwUEhOd2dLTUNfQ2RfRER6QXdYb3JmYWRDVlE1VGpzYlFZbldzY1BNc3gwSDNyZmhZVmo3blJnMXZnOWlPQ0tkaGNQNDlzajVrclYzWkdYZzV2R25nOXo0d1JsYzNzVXZVeGg5MnBfcWZWWTNheURwUWpy?oc=5\" target=\"_blank\" rel=\"nofollow noopener\">Salacgr\u012bv\u0101 s\u0101ks izmantot jauno tiltu un atcels ierobe\u017eojumus kravas transportam<\/a>&nbsp;&nbsp;TVNET<\/li>\n<li><a href=\"https:\/\/news.google.com\/rss\/articles\/CBMisgFBVV95cUxQS0FNMnRSZjJKZXNzeWRmVVVIcGVFSFp4c2RPQnhhNFYxNGZaVVVMblB6WFkydDVNRGY4dEE4UzhrZmlUTEV5RUw2bEhNY1ZRNHdNSmQybnF6NlBGOTFpZ1pJeTJDd2prdVZ5Y2FGLVNzQmxYVVQyR0FMTnQ0d3pTb0hZeV8wUDNtUG55ZEI3OUpIVG5GX2hGd1pYZnh6MXdIQUs2MWQxZUV3UFltWjA5NmRn?oc=5\" target=\"_blank\" rel=\"nofollow noopener\">Upes \u0161\u0137\u0113rso\u0161anai Salacgr\u012bv\u0101 s\u0101k izmantot jauno tiltu \/ Raksts<\/a>&nbsp;&nbsp;LSM<\/li>\n<li><a href=\"https:\/\/news.google.com\/rss\/articles\/CBMi0wFBVV95cUxQa0ZQUFVmU3FWaUxTS2FMWGhKa0xVSG9iamJFalVkdThGUnhBaW9Edm9OZkg2d0NsRFhIY0lVblN1MlFKa1lmTEVlMEF4dllnRHY0aFJFdDItNTZmaDN4ZnAxdmFPTTg2bi1wVUFBZzlYaFR0dUQxZUgzWHhYYlFtUFVmNEprTV93RFc4cXJIVkNTQ2Y5UVdMX0RrNC1QcHFEOGt5b0c2bXA2QWdRMXRrcnNXUU1Wc3FiVElKLVMyLVVCc0RVOTV4ZmplaVhNa0xhSy13?oc=5\" target=\"_blank\" rel=\"nofollow noopener\">Reverso satiksmi p\u0101r Salacu Salacgr\u012bv\u0101 p\u0101rsl\u0113gs uz jauno tiltu un atcels ierobe\u017eojumus kravas transportam<\/a>&nbsp;&nbsp;Latvijas Valsts ce\u013ci<\/li>\n<li><a href=\"https:\/\/news.google.com\/rss\/articles\/CBMirgFBVV95cUxQZEtlQS1oWUdHLVU1SkJIdy1IWkNEeDZ5Z1lQWjZhSU1uMUMyOUI4akhQbXhVWF9fcXctdXpOQTdNcVpmbGdzT1ppWHdaWDZYV2VxYTB2ajVCeFpOaGlFWXFUQ0VNdUI5RUw0ajBvaHVVYjdheTNmU1VFOGVFYkowdjNhdUZQYTdQRDFxS2xfRTVDSk9GajNEZUFfME1KYTN1dWNaMUhJSTlOMm5Remc?oc=5\" target=\"_blank\" rel=\"nofollow noopener\">V\u0113sturisks br\u012bdis. Satiksmei p\u0101r Salacu s\u0101k izmantot jaunuzb\u016bv\u0113to tiltu<\/a>&nbsp;&nbsp;tv3.lv<\/li>\n<li><a href=\"https:\/\/news.google.com\/rss\/articles\/CBMipAFBVV95cUxPaS1SMDdCUHMteGFRQWVjR3M0NWMwR2ZUeUV2QWpiTjRyTlFrLXhROXhqQnJ6SW5CYi1WUUlVaHpEczY0UDVRTWVzUHZjVm11V014djI3cGlZYmltUkJtcm5uc09QYk5MVU1ZQ0RZRmhsTVFqZnYxT2Z5YmQ4RV9vbXo1Mkt6cmtkR3YwWEtkX1YyalJCZzdKZEJINVEyY0ZIWWZhNg?oc=5\" target=\"_blank\" rel=\"nofollow noopener\">Salacgr\u012bvas iedz\u012bvot\u0101ji priec\u0101jas par jauno tiltu (+ VIDEO)<\/a>&nbsp;&nbsp;iAuto.lv<\/li>\n<\/ol>\n","protected":false},"excerpt":{"rendered":"Salacgr\u012bv\u0101 s\u0101ks izmantot jauno tiltu un atcels ierobe\u017eojumus kravas transportam&nbsp;&nbsp;TVNET Upes \u0161\u0137\u0113rso\u0161anai Salacgr\u012bv\u0101 s\u0101k izmantot jauno tiltu \/&hellip;\n","protected":false},"author":2,"featured_media":16866,"comment_status":"","ping_status":"","sticky":false,"template":"","format":"standard","meta":{"footnotes":""},"categories":[5],"tags":[23,63,65,28,29,60,32,33,59,22,70,64,30,31,35,39,38,36,37,34,40,68,20,26,27,69,66,67,24,25,62,21,61],"class_list":{"0":"post-26611","1":"post","2":"type-post","3":"status-publish","4":"format-standard","5":"has-post-thumbnail","7":"category-aktualitates","8":"tag-aktualitates","9":"tag-arvalstis","10":"tag-auto","11":"tag-breaking-news","12":"tag-breakingnews","13":"tag-egoiste","14":"tag-featured-news","15":"tag-featurednews","16":"tag-financenet","17":"tag-headlines","18":"tag-klik","19":"tag-kultura","20":"tag-latest-news","21":"tag-latestnews","22":"tag-latvia","23":"tag-latvian","24":"tag-latviesu","25":"tag-latviesu-valoda","26":"tag-latviesuvaloda","27":"tag-latvija","28":"tag-lv","29":"tag-maja","30":"tag-news","31":"tag-popularakas-zinas","32":"tag-popularakaszinas","33":"tag-receptes","34":"tag-sejas","35":"tag-sports","36":"tag-top-stories","37":"tag-topstories","38":"tag-viedokli","39":"tag-zinas","40":"tag-zinatne"},"share_on_mastodon":{"url":"","error":""},"_links":{"self":[{"href":"https:\/\/www.europesays.com\/lv\/wp-json\/wp\/v2\/posts\/26611","targetHints":{"allow":["GET"]}}],"collection":[{"href":"https:\/\/www.europesays.com\/lv\/wp-json\/wp\/v2\/posts"}],"about":[{"href":"https:\/\/www.europesays.com\/lv\/wp-json\/wp\/v2\/types\/post"}],"author":[{"embeddable":true,"href":"https:\/\/www.europesays.com\/lv\/wp-json\/wp\/v2\/users\/2"}],"replies":[{"embeddable":true,"href":"https:\/\/www.europesays.com\/lv\/wp-json\/wp\/v2\/comments?post=26611"}],"version-history":[{"count":0,"href":"https:\/\/www.europesays.com\/lv\/wp-json\/wp\/v2\/posts\/26611\/revisions"}],"wp:featuredmedia":[{"embeddable":true,"href":"https:\/\/www.europesays.com\/lv\/wp-json\/wp\/v2\/media\/16866"}],"wp:attachment":[{"href":"https:\/\/www.europesays.com\/lv\/wp-json\/wp\/v2\/media?parent=26611"}],"wp:term":[{"taxonomy":"category","embeddable":true,"href":"https:\/\/www.europesays.com\/lv\/wp-json\/wp\/v2\/categories?post=26611"},{"taxonomy":"post_tag","embeddable":true,"href":"https:\/\/www.europesays.com\/lv\/wp-json\/wp\/v2\/tags?post=26611"}],"curies":[{"name":"wp","href":"https:\/\/api.w.org\/{rel}","templated":true}]}}