{"id":26612,"date":"2025-10-20T17:53:07","date_gmt":"2025-10-20T17:53:07","guid":{"rendered":"https:\/\/www.europesays.com\/lv\/26612\/"},"modified":"2025-10-20T17:53:07","modified_gmt":"2025-10-20T17:53:07","slug":"the-sound-poets-laiz-klaja-jaunu-dziesmu-un-aicina-uz-jubilejas-koncertu-palladium-lente-lv","status":"publish","type":"post","link":"https:\/\/www.europesays.com\/lv\/26612\/","title":{"rendered":"\u201eThe Sound Poets\u201d lai\u017e klaj\u0101 jaunu dziesmu un aicina uz jubilejas koncertu \u00abPalladium\u00bb\u00a0\u2014\u00a0Lente.lv"},"content":{"rendered":"<p>Jaun\u0101kais singls un gaid\u0101mais albums no &#8220;The Sound Poets&#8221;<\/p>\n<p>Melanholisk\u0101 poproka grupa &#8220;The Sound Poets&#8221; ir izdevusi savu jaun\u0101ko singlu &#8220;Tu man\u012b ugunis dedz&#8221;, kas ir pirmais priek\u0161v\u0113stnesis grupas topo\u0161ajam albumam. \u0160\u012b dziesma ir tapusi cie\u0161\u0101 sadarb\u012bb\u0101 ar igau\u0146u m\u016bzi\u0137i un producentu Erki P\u0101rnoju, kur\u0161 paz\u012bstams ar savu sp\u0113ju rad\u012bt emocion\u0101li pies\u0101tin\u0101tu ska\u0146u ainavu. \u0160\u012b jau ir otr\u0101 sadarb\u012bba ar P\u0101rnoju, kas ienes grupas dai\u013crad\u0113 jaunas kr\u0101sas un svaigumu. K\u0101 st\u0101sta grupas solists J\u0101nis Ai\u0161purs, dziesma radusies, iedvesmojoties no situ\u0101cijas, kad uz ielas ieraug\u0101m k\u0101du sevi\u0161\u0137i pievilc\u012bgu cilv\u0113ku un uzreiz iem\u012blamies, ta\u010du p\u0113c mirk\u013ca vi\u0146\u0161 jau ir prom, atst\u0101jot vien ilgas. &#8220;Par \u0161\u012bs skaistaj\u0101m, gai\u0161aj\u0101m ilg\u0101m m\u0113s uzrakst\u012bj\u0101m dziesmu,&#8221; atkl\u0101j Ai\u0161purs. Dziesma ir pies\u0101tin\u0101ta ar pozit\u012bv\u0101m emocij\u0101m, prieku par gaid\u012b\u0161anu un satik\u0161anos.<\/p>\n<p>Albuma &#8220;Puls\u0113&#8221; desmitgades svin\u012bbas un koncerti<\/p>\n<p>Singls &#8220;Tu man\u012b ugunis dedz&#8221; piedz\u012bvos savu pirmatska\u0146ojumu &#8220;dz\u012bvaj\u0101&#8221; izpild\u012bjum\u0101 7. novembr\u012b, kad grupa &#8220;The Sound Poets&#8221; svin\u0113s albuma &#8220;Puls\u0113&#8221; desmitgades jubileju. Koncerts notiks &#8220;Palladium&#8221; koncertz\u0101l\u0113 R\u012bg\u0101. &#8220;Desmit gadi pag\u0101ju\u0161i, kop\u0161 plate ierakst\u012bta, un m\u016bsu grupas dz\u012bv\u0113 t\u0101 \u013coti daudz ko main\u012bja. T\u0101 &#8220;izcirt\u0101 logu&#8221; uz lielaj\u0101m Latvijas skatuv\u0113m. Grib\u0113j\u0101s desmitgadi nepalaist gar\u0101m, bet nosvin\u0113t kop\u0101 ar saviem draugiem,&#8221; st\u0101sta Ai\u0161purs. \u0160is pas\u0101kums iez\u012bm\u0113s ne tikai jubileju, bet ar\u012b jaunu \u0113ru grupai, ar svaig\u0101m dziesm\u0101m un jaun\u0101m emocij\u0101m. Grupai &#8220;The Sound Poets&#8221; jau ir vair\u0101ki albumi un veiksm\u012bgas koncertt\u016bres vis\u0101 Latvij\u0101. Papildus jubilejas koncertam, grupa uzst\u0101sies ar\u012b citviet, piem\u0113ram, 14. j\u016bnij\u0101 rado\u0161aj\u0101 kvart\u0101l\u0101 \u201cZeit\u201d L\u012bgatn\u0113, un 22. august\u0101 V\u0113rmanes d\u0101rz\u0101 R\u012bg\u0101 vasaras kult\u016bras programmas ietvaros, kur ieeja b\u016bs bez maksas. Viens no pirmajiem grupas albumiem, kas nodro\u0161in\u0101ja pla\u0161\u0101ku atpaz\u012bstam\u012bbu, bija tie\u0161i &#8220;Puls\u0113&#8221;.<\/p>\n<p>Grupas rado\u0161ais ce\u013c\u0161 un n\u0101kotnes pl\u0101ni<\/p>\n<p>&#8220;The Sound Poets&#8221; sast\u0101v\u0101 sp\u0113l\u0113 J\u0101nis Ai\u0161purs, Und\u012bne Balode, Normunds Luk\u0161a, P\u0113teris Lunde un K\u0101rlis Josts. Grupa ir izdevusi piecus studijas albumus un iekarojusi Latvijas liel\u0101k\u0101s skatuves. J\u0101nis Ai\u0161purs ir ne tikai grupas solists, bet ar\u012b akt\u012bvs dziesmu autors, kur\u0161 rakst\u012bjis ar\u012b citiem m\u0101ksliniekiem, piem\u0113ram, Aijai Andrejevai. Darbs pie jaun\u0101 albuma tiek raksturots k\u0101 &#8220;intens\u012bvs, aizraujo\u0161s un rado\u0161uma piepild\u012bts&#8221;. Katra jaun\u0101 singla izdo\u0161ana ir satrauco\u0161s un priec\u012bgs br\u012bdis, kad rad\u012btais darbs tiek nodots klaus\u012bt\u0101ju v\u0113rt\u0113jumam. Lai gan tuv\u0101kaj\u0101 laik\u0101 fokuss ir uz jauno albumu un gaid\u0101majiem koncertiem, Ai\u0161purs ilgojas p\u0113c n\u0101kam\u0101s vasaras, paredzot taj\u0101 k\u0101dus \u012bpa\u0161us notikumus. Grupa jau dr\u012bzum\u0101 dosies uz Igauniju, lai turpin\u0101tu darbu pie jaun\u0101 albuma ieraksta, apliecinot savu nemit\u012bgo tieksmi p\u0113c rado\u0161\u0101s att\u012bst\u012bbas un muzik\u0101l\u0101s izaugsmes.<\/p>\n","protected":false},"excerpt":{"rendered":"Jaun\u0101kais singls un gaid\u0101mais albums no &#8220;The Sound Poets&#8221; Melanholisk\u0101 poproka grupa &#8220;The Sound Poets&#8221; ir izdevusi savu&hellip;\n","protected":false},"author":2,"featured_media":26613,"comment_status":"","ping_status":"","sticky":false,"template":"","format":"standard","meta":{"footnotes":""},"categories":[19],"tags":[89,90,7226,2043,202,35,39,38,36,37,34,40,8290,6856],"class_list":{"0":"post-26612","1":"post","2":"type-post","3":"status-publish","4":"format-standard","5":"has-post-thumbnail","7":"category-izklaide","8":"tag-entertainment","9":"tag-izklaide","10":"tag-janis-aispurs","11":"tag-jauna-dziesma","12":"tag-koncerts","13":"tag-latvia","14":"tag-latvian","15":"tag-latviesu","16":"tag-latviesu-valoda","17":"tag-latviesuvaloda","18":"tag-latvija","19":"tag-lv","20":"tag-pulse","21":"tag-the-sound-poets"},"share_on_mastodon":{"url":"","error":""},"_links":{"self":[{"href":"https:\/\/www.europesays.com\/lv\/wp-json\/wp\/v2\/posts\/26612","targetHints":{"allow":["GET"]}}],"collection":[{"href":"https:\/\/www.europesays.com\/lv\/wp-json\/wp\/v2\/posts"}],"about":[{"href":"https:\/\/www.europesays.com\/lv\/wp-json\/wp\/v2\/types\/post"}],"author":[{"embeddable":true,"href":"https:\/\/www.europesays.com\/lv\/wp-json\/wp\/v2\/users\/2"}],"replies":[{"embeddable":true,"href":"https:\/\/www.europesays.com\/lv\/wp-json\/wp\/v2\/comments?post=26612"}],"version-history":[{"count":0,"href":"https:\/\/www.europesays.com\/lv\/wp-json\/wp\/v2\/posts\/26612\/revisions"}],"wp:featuredmedia":[{"embeddable":true,"href":"https:\/\/www.europesays.com\/lv\/wp-json\/wp\/v2\/media\/26613"}],"wp:attachment":[{"href":"https:\/\/www.europesays.com\/lv\/wp-json\/wp\/v2\/media?parent=26612"}],"wp:term":[{"taxonomy":"category","embeddable":true,"href":"https:\/\/www.europesays.com\/lv\/wp-json\/wp\/v2\/categories?post=26612"},{"taxonomy":"post_tag","embeddable":true,"href":"https:\/\/www.europesays.com\/lv\/wp-json\/wp\/v2\/tags?post=26612"}],"curies":[{"name":"wp","href":"https:\/\/api.w.org\/{rel}","templated":true}]}}