{"id":266446,"date":"2026-08-11T06:26:14","date_gmt":"2026-08-11T06:26:14","guid":{"rendered":"https:\/\/www.europesays.com\/lv\/266446\/"},"modified":"2026-08-11T06:26:14","modified_gmt":"2026-08-11T06:26:14","slug":"ukraina-un-moldova-apsver-graudu-izvesanu-pa-sauzemi","status":"publish","type":"post","link":"https:\/\/www.europesays.com\/lv\/266446\/","title":{"rendered":"Ukraina un Moldova apsver graudu izve\u0161anu pa sauzemi"},"content":{"rendered":"<p style=\"text-align: justify;\">Ukraina, mekl\u0113jot dro\u0161\u0101kus ce\u013cus, apsver graudu eksportu pa dzelzce\u013cu caur Moldovu, un l\u016bgusi Ki\u0161i\u0146evai zem\u0101ku kravas tarifu piem\u0113ro\u0161anu, raksta zi\u0146u a\u0123ent\u016bra <a href=\"https:\/\/www.reuters.com\/business\/ukraine-moldova-consider-shipping-grain-by-rail-through-moldova-sources-say-2026-08-10\/\" target=\"_blank\" rel=\"noopener nofollow\">\u201cReuters.\u201d<\/a><\/p>\n<p style=\"text-align: justify;\">Ukrainas eksporta ce\u013ci pa j\u016bru, tostarp izmantojot dro\u0161\u012bbas koridoru l\u012bdz Rum\u0101nijas ost\u0101m, arvien bie\u017e\u0101k piedz\u012bvo Krievijas uzbrukumus. Avoti Ukrain\u0101 un Moldov\u0101 zi\u0146oju\u0161i, ka Kijiva v\u0113las graudus caur Moldovu pa dzelzce\u013cu transport\u0113t uz Rum\u0101nijas ostu Konstant\u0101, un l\u016bgusi p\u0101rvad\u0101jumiem piem\u0113rot 50% atlaidi. Augsta l\u012bme\u0146a Ukrainas puses p\u0101rst\u0101vis \u201cReuters\u201d sac\u012bja, ka pa\u0161laik tiek iev\u0101kta inform\u0101cija no iesp\u0113jami ieinteres\u0113tajiem eksport\u0113t\u0101jiem, un process v\u0113l nav pabeigts.<\/p>\n<p style=\"text-align: justify;\">Avots uz\u0146\u0113mum\u0101 \u201cMoldovas Dzelzce\u013c\u0161\u201d inform\u0113ja, ka Ukraina l\u016bgusi piem\u0113rot atlaidi graudu p\u0101rvad\u0101\u0161anai, uz ko Ki\u0161i\u0146eva atbild\u0113jusi ar ierosin\u0101jumu dot garantijas par ukrai\u0146u graudu apjomu, kas tiks p\u0101rvad\u0101ts. Pa\u0161laik abas puses p\u0101rrun\u0101jot termi\u0146us un graudu tranz\u012bta apjomu. Biju\u0161ais \u201cMoldovas Dzelzce\u013ca\u201d vad\u012bt\u0101js Olegs Tofilats \u201cReuters\u201d past\u0101st\u012bja, ka caur Moldovu ik gadu var\u0113tu izvest apm\u0113ram 4,5 miljonus tonnu graudu.<\/p>\n<p style=\"text-align: justify;\">Ukrai\u0146u apl\u0113ses liecina, ka str\u0101d\u0101jo\u0161s tranz\u012bta koridors var\u0113tu nodro\u0161in\u0101t apm\u0113ram 10% no kop\u0113j\u0101 valsts eksporta apjoma.<\/p>\n<blockquote>\n<p style=\"text-align: center;\">Ukrai\u0146u graudi 2022.-2023.gad\u0101 jau tika izvesti caur Moldovu.<\/p>\n<\/blockquote>\n<p style=\"text-align: justify;\">Moldovas infrastrukt\u016bras unn re\u0123ion\u0101l\u0101s att\u012bst\u012bbas ministrs Vladimirs Bolea 10.august\u0101 apmekl\u0113ja Odesas apgabalu Ukrain\u0101, un ar ukrai\u0146u kol\u0113\u0123i apsprieda dzelzce\u013ca savienojumus un pla\u0161\u0101ku sadarb\u012bbu tranz\u012bta jom\u0101.<\/p>\n<p style=\"text-align: justify;\">Ukrainas zemkop\u012bbas ministrs Tarass Visockis 10.august\u0101 \u201cReuters\u201d sac\u012bja, ka ministrija Krieivjas uzbrukumu d\u0113\u013c pazemin\u0101jusi 2026.-2027.gada graudu eksporta prognozes. Samazin\u0101jums uzsver kait\u0113jumu, ko Maskavas uzbrukumi nodar\u012bju\u0161i valstij, kas vair\u0101k nek\u0101 90% savas graudu ra\u017eas eksport\u0113 caur ost\u0101m. Lauksaimniec\u012bbas produkti veido liel\u0101ko da\u013cu no Ukrainas kop\u0113j\u0101 eksporta pre\u010du daudzuma.<\/p>\n<p style=\"text-align: justify;\">Moldovas premjerministrs Vasils Tofans 10.august\u0101 sac\u012bja, ka vi\u0146a valsti nevajadz\u0113tu pazaud\u0113t iesp\u0113ju nopeln\u012bt miljoniem eiro no tranz\u012bta ie\u0146\u0113mumiem par Ukrainas graudiem. Vi\u0146\u0161 noraid\u012bja Moldovas lauksaimnieku iebildumus, ka Ukrainas graudu cena \u013caus tiem izkonkur\u0113t pa\u0161u izaudz\u0113to, un aicin\u0101ja nemekl\u0113t ienaidniekus tur, kur to nav.<\/p>\n<p style=\"text-align: justify;\"><a href=\"https:\/\/bnn.lv\/slegtajos-veikalos-pust-partika-mere-krize-sasniedz-152-miljonus-eiro\/\" target=\"_blank\" rel=\"noopener nofollow\">Lasiet ar\u012b: Sl\u0113gtajos veikalos p\u016bst p\u0101rtika; \u201cMERE\u201d kr\u012bze sasniedz 1,52 miljonus eiro<\/a><\/p>\n<p>Seko mums ar\u012b\u00a0<a href=\"https:\/\/www.facebook.com\/bnnlv\" rel=\"nofollow noopener\" target=\"_blank\">Facebook<\/a>,\u00a0<a href=\"https:\/\/www.draugiem.lv\/bnn.lv\/\" rel=\"nofollow noopener\" target=\"_blank\">Draugiem<\/a>\u00a0un\u00a0<a href=\"https:\/\/twitter.com\/home\" rel=\"nofollow noopener\" target=\"_blank\">X<\/a>!<\/p>\n<p><script async src=\"https:\/\/platform.twitter.com\/widgets.js\" charset=\"utf-8\"><\/script><\/p>\n","protected":false},"excerpt":{"rendered":"Ukraina, mekl\u0113jot dro\u0161\u0101kus ce\u013cus, apsver graudu eksportu pa dzelzce\u013cu caur Moldovu, un l\u016bgusi Ki\u0161i\u0146evai zem\u0101ku kravas tarifu piem\u0113ro\u0161anu,&hellip;\n","protected":false},"author":2,"featured_media":266447,"comment_status":"","ping_status":"","sticky":false,"template":"","format":"standard","meta":{"footnotes":"","_share_on_mastodon":"0"},"categories":[14],"tags":[23,57,28,29,32,33,35549,22,30,31,35,39,38,36,37,34,40,1453,20,26,27,25884,24,25,40612,276,54,55,56,21,58],"class_list":["post-266446","post","type-post","status-publish","format-standard","has-post-thumbnail","category-zinas-no-arvalstim","tag-aktualitates","tag-arvalstim","tag-breaking-news","tag-breakingnews","tag-featured-news","tag-featurednews","tag-graudi","tag-headlines","tag-latest-news","tag-latestnews","tag-latvia","tag-latvian","tag-latviesu","tag-latviesu-valoda","tag-latviesuvaloda","tag-latvija","tag-lv","tag-moldova","tag-news","tag-popularakas-zinas","tag-popularakaszinas","tag-svarigi","tag-top-stories","tag-topstories","tag-tranzits","tag-ukraina","tag-world","tag-world-news","tag-worldnews","tag-zinas","tag-zinas-no-arvalstim"],"share_on_mastodon":{"url":"https:\/\/pubeurope.com\/@lv\/117075456062040412","error":""},"_links":{"self":[{"href":"https:\/\/www.europesays.com\/lv\/wp-json\/wp\/v2\/posts\/266446","targetHints":{"allow":["GET"]}}],"collection":[{"href":"https:\/\/www.europesays.com\/lv\/wp-json\/wp\/v2\/posts"}],"about":[{"href":"https:\/\/www.europesays.com\/lv\/wp-json\/wp\/v2\/types\/post"}],"author":[{"embeddable":true,"href":"https:\/\/www.europesays.com\/lv\/wp-json\/wp\/v2\/users\/2"}],"replies":[{"embeddable":true,"href":"https:\/\/www.europesays.com\/lv\/wp-json\/wp\/v2\/comments?post=266446"}],"version-history":[{"count":0,"href":"https:\/\/www.europesays.com\/lv\/wp-json\/wp\/v2\/posts\/266446\/revisions"}],"wp:featuredmedia":[{"embeddable":true,"href":"https:\/\/www.europesays.com\/lv\/wp-json\/wp\/v2\/media\/266447"}],"wp:attachment":[{"href":"https:\/\/www.europesays.com\/lv\/wp-json\/wp\/v2\/media?parent=266446"}],"wp:term":[{"taxonomy":"category","embeddable":true,"href":"https:\/\/www.europesays.com\/lv\/wp-json\/wp\/v2\/categories?post=266446"},{"taxonomy":"post_tag","embeddable":true,"href":"https:\/\/www.europesays.com\/lv\/wp-json\/wp\/v2\/tags?post=266446"}],"curies":[{"name":"wp","href":"https:\/\/api.w.org\/{rel}","templated":true}]}}