{"id":26647,"date":"2025-10-20T19:05:07","date_gmt":"2025-10-20T19:05:07","guid":{"rendered":"https:\/\/www.europesays.com\/lv\/26647\/"},"modified":"2025-10-20T19:05:07","modified_gmt":"2025-10-20T19:05:07","slug":"lauris-valters-laulibas-krizi-risina-ar-aizkustinosu-dziesmu-savai-sievai-lente-lv","status":"publish","type":"post","link":"https:\/\/www.europesays.com\/lv\/26647\/","title":{"rendered":"Lauris Valters laul\u012bbas kr\u012bzi risina ar aizkustino\u0161u dziesmu savai sievai\u00a0\u2014\u00a0Lente.lv"},"content":{"rendered":"<p>Lauris Valters atkl\u0101j sirdi m\u016bzik\u0101: Jauna dziesma k\u0101 ce\u013c\u0161 uz attiec\u012bbu gl\u0101b\u0161anu<\/p>\n<p>M\u016bzi\u0137is, komponists un dzejnieks Lauris Valters, kur\u0161 l\u012bdz \u0161im savu priv\u0101to dz\u012bvi r\u016bp\u012bgi sarg\u0101jis no publiskas uzman\u012bbas, atkl\u0101jis jaunu posmu sav\u0101 rado\u0161aj\u0101 un person\u012bgaj\u0101 dz\u012bv\u0113. Piedz\u012bvojot nopietnu kr\u012bzi sav\u0101s laul\u012bbas attiec\u012bb\u0101s ar sievu Vitu, Valters nol\u0113mis \u0161\u012bs p\u0101rbaud\u012bjumu piln\u0101s laika izpaust caur m\u016bziku, radot jaunu dziesmu &#8220;Dom\u0101ju par Tevi&#8221;. \u0160is muzik\u0101lais darbs k\u013cuvis par emocion\u0101lu atskaiti par piedz\u012bvoto un cer\u012bbu uz stipr\u0101k\u0101m attiec\u012bb\u0101m n\u0101kotn\u0113.<\/p>\n<p>Attiec\u012bbu p\u0101rbaud\u012bjumi k\u0101 iedvesmas avots<\/p>\n<p>Dz\u012bves ce\u013c\u0101 piedz\u012bvotie izaicin\u0101jumi ir mudin\u0101ju\u0161i Lauri Valteru dal\u012bties g\u016btaj\u0101s m\u0101c\u012bbstund\u0101s pla\u0161\u0101k. Vi\u0146\u0161 atz\u012bst, ka ikvien\u0101s attiec\u012bb\u0101s pien\u0101k br\u012b\u017ei, kad j\u0101p\u0101rvar gr\u016bt\u012bbas, un tie\u0161i \u0161ie periodi sp\u0113j stiprin\u0101t un bag\u0101tin\u0101t kopdz\u012bvi. Nesena pauze laul\u012bb\u0101, kas ilga pusotru m\u0113nesi un kuras laik\u0101 p\u0101ris pat dz\u012bvoja atsevi\u0161\u0137i, k\u013cuva par tie\u0161u dziesmas &#8220;Dom\u0101ju par Tevi&#8221; rad\u012b\u0161anas mot\u012bvu.<\/p>\n<p>\u0160\u012b pieredze Valteru mudin\u0101jusi dzi\u013c\u0101k ieskat\u012bties sav\u0101 dz\u012bv\u0113, ikdien\u0101 un paradumos, atg\u0101dinot, ka dz\u012bv\u0113 neko nedr\u012bkst uztvert k\u0101 pa\u0161saprotamu. K\u0101 pats m\u016bzi\u0137is atkl\u0101j, tie\u0161i no att\u0101luma cilv\u0113ku var sajust un izprast skaidr\u0101k, un \u0161\u012b pieredze sniegusi vi\u0146am daudz v\u0113rt\u012bgu atzi\u0146u par sevi un sav\u0101m attiec\u012bb\u0101m.<\/p>\n<blockquote>\n<p>&#8220;Katr\u0101 laul\u012bb\u0101 pien\u0101k br\u012b\u017ei ar da\u017e\u0101diem p\u0101rbaud\u012bjumiem un izaicin\u0101jumiem,\u201d nor\u0101da Valters, uzsverot, ka \u0161is gads kop\u0101 ar sievu bijis \u012bsts p\u0101rbaud\u012bjumu laiks.<\/p>\n<\/blockquote>\n<p>Dziesma k\u0101 apliecin\u0101jums un d\u0101vana<\/p>\n<p>Dziesma &#8220;Dom\u0101ju par Tevi&#8221; tapa sirds dzi\u013cumos, apvienojot m\u012blest\u012bbas, s\u0101pju, prieka un cer\u012bbas saj\u016btas. Lauris Valters, saj\u016btot dziesmas patieso sp\u0113ku un b\u016bt\u012bbu jau pirmajos akordos un v\u0101rdos, nol\u0113ma to p\u0113c iesp\u0113jas \u0101tr\u0101k ieska\u0146ot un uzd\u0101vin\u0101t sievai Vitai dzim\u0161anas dien\u0101.<\/p>\n<p>\u0160is p\u0101rsteigums izdev\u0101s \u2013 Vita bija gan p\u0101rsteigta, gan dzi\u013ci aizkustin\u0101ta. Lai gan s\u0101kotn\u0113ji Lauris dom\u0101jis dziesmu publiskot n\u0101kamgad, sievas intu\u012bcija un p\u0101rliec\u012bba par &#8220;\u012bsto laiku&#8221; mudin\u0101jusi vi\u0146u r\u012bkoties nekav\u0113joties. Ar \u0161o atkl\u0101t\u012bbu Valters v\u0113las iedro\u0161in\u0101t citus p\u0101rus, kas sask\u0101ru\u0161ies ar gr\u016bt\u012bb\u0101m, apliecinot, ka m\u012blest\u012bba un attiec\u012bbas patiesi ir darb\u012bbas v\u0101rdi un ka m\u0101ksla nereti rodas tie\u0161i dv\u0113seles krustugun\u012bs.<\/p>\n<p>Lauris Valters \u2013 M\u016bzikas un dzejas ce\u013c\u0161<\/p>\n<p>Lauris Valters ir paz\u012bstams k\u0101 daudzpus\u012bgs m\u0101kslinieks \u2013 dzied\u0101t\u0101js, komponists un dzejnieks. Savu muzik\u0101lo karjeru vi\u0146\u0161 s\u0101cis 1999. gad\u0101 grup\u0101 &#8220;\u0112nas&#8221;, kuras vok\u0101lists bija 13 gadus. V\u0113l\u0101k Valters veiksm\u012bgi uzs\u0101cis solo karjeru, izdevis vair\u0101kus albumus un dzejas kr\u0101jumus. Vi\u0146a dai\u013crad\u0113 bie\u017ei vien atspogu\u013cojas person\u012bgie p\u0101rdz\u012bvojumi un dz\u012bves filozofija.<\/p>\n<p>K\u0101 pats m\u0101kslinieks ir atzinis, vi\u0146a sieva Vita alla\u017e bijusi sp\u0113c\u012bgs atbalsts un iedvesmas avots, mudinot vi\u0146u att\u012bst\u012bties un dal\u012bties sav\u0101 rado\u0161aj\u0101 pasaul\u0113. \u0160\u012b jaun\u0101 dziesma ir k\u0101 apliecin\u0101jums \u0161ai cie\u0161ajai saiknei un kop\u012bgajam ce\u013cam, pat piedz\u012bvojot gr\u016btus br\u012b\u017eus.<\/p>\n","protected":false},"excerpt":{"rendered":"Lauris Valters atkl\u0101j sirdi m\u016bzik\u0101: Jauna dziesma k\u0101 ce\u013c\u0161 uz attiec\u012bbu gl\u0101b\u0161anu M\u016bzi\u0137is, komponists un dzejnieks Lauris Valters,&hellip;\n","protected":false},"author":2,"featured_media":26648,"comment_status":"","ping_status":"","sticky":false,"template":"","format":"standard","meta":{"footnotes":""},"categories":[19],"tags":[89,90,2043,35,39,38,36,37,34,355,8296,7144,40,7973],"class_list":{"0":"post-26647","1":"post","2":"type-post","3":"status-publish","4":"format-standard","5":"has-post-thumbnail","7":"category-izklaide","8":"tag-entertainment","9":"tag-izklaide","10":"tag-jauna-dziesma","11":"tag-latvia","12":"tag-latvian","13":"tag-latviesu","14":"tag-latviesu-valoda","15":"tag-latviesuvaloda","16":"tag-latvija","17":"tag-latvijas-muzika","18":"tag-laulibas-krize","19":"tag-lauris-valters","20":"tag-lv","21":"tag-vita-valtere"},"share_on_mastodon":{"url":"","error":""},"_links":{"self":[{"href":"https:\/\/www.europesays.com\/lv\/wp-json\/wp\/v2\/posts\/26647","targetHints":{"allow":["GET"]}}],"collection":[{"href":"https:\/\/www.europesays.com\/lv\/wp-json\/wp\/v2\/posts"}],"about":[{"href":"https:\/\/www.europesays.com\/lv\/wp-json\/wp\/v2\/types\/post"}],"author":[{"embeddable":true,"href":"https:\/\/www.europesays.com\/lv\/wp-json\/wp\/v2\/users\/2"}],"replies":[{"embeddable":true,"href":"https:\/\/www.europesays.com\/lv\/wp-json\/wp\/v2\/comments?post=26647"}],"version-history":[{"count":0,"href":"https:\/\/www.europesays.com\/lv\/wp-json\/wp\/v2\/posts\/26647\/revisions"}],"wp:featuredmedia":[{"embeddable":true,"href":"https:\/\/www.europesays.com\/lv\/wp-json\/wp\/v2\/media\/26648"}],"wp:attachment":[{"href":"https:\/\/www.europesays.com\/lv\/wp-json\/wp\/v2\/media?parent=26647"}],"wp:term":[{"taxonomy":"category","embeddable":true,"href":"https:\/\/www.europesays.com\/lv\/wp-json\/wp\/v2\/categories?post=26647"},{"taxonomy":"post_tag","embeddable":true,"href":"https:\/\/www.europesays.com\/lv\/wp-json\/wp\/v2\/tags?post=26647"}],"curies":[{"name":"wp","href":"https:\/\/api.w.org\/{rel}","templated":true}]}}