{"id":26651,"date":"2025-10-20T19:18:19","date_gmt":"2025-10-20T19:18:19","guid":{"rendered":"https:\/\/www.europesays.com\/lv\/26651\/"},"modified":"2025-10-20T19:18:19","modified_gmt":"2025-10-20T19:18:19","slug":"usiks-cimdus-kart-naglina-vel-negrasas-bet-pret-itaumu-necinisies-bokss-sportacentrs-com","status":"publish","type":"post","link":"https:\/\/www.europesays.com\/lv\/26651\/","title":{"rendered":"Usiks cimdus k\u0101rt nagli\u0146\u0101 v\u0113l negras\u0101s, bet pret Itaumu nec\u012bn\u012bsies \u2013 Bokss \u2013 Sportacentrs.com"},"content":{"rendered":"<p>Zin\u0101ms, ka Usiks \u0161ogad ring\u0101 nedosies, bet tas vi\u0146am netrauc\u0113 turpin\u0101t treni\u0146u procesu. Ukrai\u0146u bokseris nor\u0101d\u012bja, ka vi\u0146a p\u0101rst\u0101vji ved p\u0101rrunas par n\u0101kamo c\u012b\u0146u, bet konkr\u0113tu v\u0101rdu nosaukt v\u0113l nevar\u0113ja. Tiesa, vi\u0146a pretinieks neb\u016b\u0161ot viens no smag\u0101 svara &#8220;karst\u0101kajiem&#8221; v\u0101rdiem Mozess Itauma.<\/p>\n<p>&#8220;Nec\u012bn\u012b\u0161os pret Itaumu. Vi\u0146\u0161i ir jauns un alla\u017e mani kacina. Vi\u0146\u0161 pats reiz teica, ka nesit vect\u0113ti\u0146iem. \u0160obr\u012bd nevaru pateikt, kur\u0161 b\u016bs mans n\u0101kamais pretinieks, jo norit p\u0101rrunas. Ja nosauktu v\u0101rdu, melotu,&#8221; sac\u012bjis Usiks.<\/p>\n<p>38 gadus vecais bokseris par savas profesion\u0101l\u0101s karjeras nosl\u0113g\u0161anu izteicis da\u017e\u0101das versijas. Viena no t\u0101m iek\u013c\u0101va pat c\u012b\u0146u ar UFC \u010dempionu Aleksu Pereiru. Tagad titul\u0113tais sportists karjeras beigu punktu nospraudis nedaudz t\u0101l\u0101k\u0101 n\u0101kotn\u0113.<\/p>\n<p>&#8220;C\u012bn\u012b\u0161os l\u012bdz 41 gada vecumam. Tad atv\u0113r\u0161u sporta akad\u0113miju, lai tren\u0113tu citus,&#8221; nor\u0101d\u012bjis bokseris.<\/p>\n<p>Usiks \u0161ogad aizvad\u012bja tikai vienu c\u012b\u0146u, j\u016blij\u0101 nokaut\u0113jot Danielu Dubu\u0101. \u0160\u012b uzvara ukraini atgrieza absol\u016bt\u0101 \u010dempiona status\u0101. K\u0101 oblig\u0101tais pretendents uz c\u012b\u0146u par ukrai\u0146a jost\u0101m tika noz\u012bm\u0113ts D\u017eosefs P\u0101rkers, bet Usiks iedz\u012bvoj\u0101s muguras savainojum\u0101.<\/p>\n<p>Izmantotie resursi:<br \/><a target=\"_blank\" href=\"https:\/\/rtfight.com\/news\/oleksandr-usyk-reveals-return-plans-no-fight-with-itauma\" rel=\"nofollow noopener\">https:\/\/rtfight.com\/news\/oleksandr-&#8230;<\/a><\/p>\n","protected":false},"excerpt":{"rendered":"Zin\u0101ms, ka Usiks \u0161ogad ring\u0101 nedosies, bet tas vi\u0146am netrauc\u0113 turpin\u0101t treni\u0146u procesu. Ukrai\u0146u bokseris nor\u0101d\u012bja, ka vi\u0146a&hellip;\n","protected":false},"author":2,"featured_media":26652,"comment_status":"","ping_status":"","sticky":false,"template":"","format":"standard","meta":{"footnotes":""},"categories":[17],"tags":[2153,35,39,38,36,37,34,40,67],"class_list":{"0":"post-26651","1":"post","2":"type-post","3":"status-publish","4":"format-standard","5":"has-post-thumbnail","7":"category-sports","8":"tag-bokss","9":"tag-latvia","10":"tag-latvian","11":"tag-latviesu","12":"tag-latviesu-valoda","13":"tag-latviesuvaloda","14":"tag-latvija","15":"tag-lv","16":"tag-sports"},"share_on_mastodon":{"url":"","error":""},"_links":{"self":[{"href":"https:\/\/www.europesays.com\/lv\/wp-json\/wp\/v2\/posts\/26651","targetHints":{"allow":["GET"]}}],"collection":[{"href":"https:\/\/www.europesays.com\/lv\/wp-json\/wp\/v2\/posts"}],"about":[{"href":"https:\/\/www.europesays.com\/lv\/wp-json\/wp\/v2\/types\/post"}],"author":[{"embeddable":true,"href":"https:\/\/www.europesays.com\/lv\/wp-json\/wp\/v2\/users\/2"}],"replies":[{"embeddable":true,"href":"https:\/\/www.europesays.com\/lv\/wp-json\/wp\/v2\/comments?post=26651"}],"version-history":[{"count":0,"href":"https:\/\/www.europesays.com\/lv\/wp-json\/wp\/v2\/posts\/26651\/revisions"}],"wp:featuredmedia":[{"embeddable":true,"href":"https:\/\/www.europesays.com\/lv\/wp-json\/wp\/v2\/media\/26652"}],"wp:attachment":[{"href":"https:\/\/www.europesays.com\/lv\/wp-json\/wp\/v2\/media?parent=26651"}],"wp:term":[{"taxonomy":"category","embeddable":true,"href":"https:\/\/www.europesays.com\/lv\/wp-json\/wp\/v2\/categories?post=26651"},{"taxonomy":"post_tag","embeddable":true,"href":"https:\/\/www.europesays.com\/lv\/wp-json\/wp\/v2\/tags?post=26651"}],"curies":[{"name":"wp","href":"https:\/\/api.w.org\/{rel}","templated":true}]}}