{"id":266544,"date":"2026-08-11T07:46:18","date_gmt":"2026-08-11T07:46:18","guid":{"rendered":"https:\/\/www.europesays.com\/lv\/266544\/"},"modified":"2026-08-11T07:46:18","modified_gmt":"2026-08-11T07:46:18","slug":"latvija-sak-operaciju-vilkatis-ierobezos-nelegalo-migraciju","status":"publish","type":"post","link":"https:\/\/www.europesays.com\/lv\/266544\/","title":{"rendered":"Latvij\u0101 s\u0101k oper\u0101ciju &#8220;Vilkatis&#8221;: ierobe\u017eos neleg\u0101lo migr\u0101ciju"},"content":{"rendered":"<p>&#8220;T\u0101pat tiek v\u0113rt\u0113ti da\u017e\u0101di citi varianti, k\u0101 varam r\u012bkoties, lai \u0161o [neleg\u0101lo migrantu] skaitli nosistu l\u012bdz nullei,&#8221; izteic\u0101s ministrs.<\/p>\n<p>L\u016bgts koment\u0113t to, ka vald\u012bba tom\u0113r nav l\u0113musi par vi\u0146a ierosin\u0101jumu sl\u0113gt P\u0101ternieku robe\u017epunktu, ministrs atbild\u0113ja, ka konkr\u0113t\u0101 robe\u017epunkta darb\u012bbas aptur\u0113\u0161ana ir viens no r\u012bc\u012bbas variantiem, bet vienlaikus ir \u013coti labi, ka ir apzin\u0101ti da\u017e\u0101du instit\u016bciju viedok\u013ci \u0161aj\u0101 jaut\u0101jum\u0101.<\/p>\n<p>Run\u0101jot par apst\u0101k\u013ciem, pie k\u0101diem vald\u012bba var\u0113tu atgriezties pie \u0161\u012b jaut\u0101juma, ministrs nor\u0101d\u012bja, ka cit\u0101s valst\u012bs l\u012bdz\u012bgi l\u0113mumi ir pie\u0146emti, saasinoties probl\u0113m\u0101m robe\u017ekontroles punktos. Attiec\u012bgi \u0161\u0101dos apst\u0101k\u013cos l\u0113mumu par robe\u017epunkta sl\u0113g\u0161anu varot pie\u0146emt strauji.<\/p>\n<p>Premjers Dombravas teikto papildin\u0101ja, nor\u0101dot, ka j\u0101v\u0113rt\u0113, kura no metod\u0113m visvair\u0101k sasniedz m\u0113r\u0137i, lai gan l\u012bdz ministra piemin\u0113tajai &#8220;nullei nekad nenon\u0101ksim&#8221;.<\/p>\n<p>Vienlaikus esot j\u0101pieliek visvair\u0101k p\u016bles tehnisko l\u012bdzek\u013cu pielieto\u0161an\u0101, t\u0101p\u0113c august\u0101 tiks sniegta inform\u0101cija par iepl\u0101notaj\u0101m darb\u012bb\u0101m, kur\u0101s iesaist\u012bti ar\u012b NBS, skaidroja amatpersonas.<\/p>\n","protected":false},"excerpt":{"rendered":"&#8220;T\u0101pat tiek v\u0113rt\u0113ti da\u017e\u0101di citi varianti, k\u0101 varam r\u012bkoties, lai \u0161o [neleg\u0101lo migrantu] skaitli nosistu l\u012bdz nullei,&#8221; izteic\u0101s&hellip;\n","protected":false},"author":2,"featured_media":266545,"comment_status":"","ping_status":"","sticky":false,"template":"","format":"standard","meta":{"footnotes":"","_share_on_mastodon":"0"},"categories":[5],"tags":[23,13248,625,28,29,32,33,22,30,31,35,39,38,36,37,34,1590,34599,40,20,26,27,1588,24,25,21],"class_list":["post-266544","post","type-post","status-publish","format-standard","has-post-thumbnail","category-aktualitates","tag-aktualitates","tag-andris-kulbergs","tag-austrumu-robeza","tag-breaking-news","tag-breakingnews","tag-featured-news","tag-featurednews","tag-headlines","tag-latest-news","tag-latestnews","tag-latvia","tag-latvian","tag-latviesu","tag-latviesu-valoda","tag-latviesuvaloda","tag-latvija","tag-latvijas-robeza","tag-latvijas-baltkrievijas-robeza","tag-lv","tag-news","tag-popularakas-zinas","tag-popularakaszinas","tag-robeza","tag-top-stories","tag-topstories","tag-zinas"],"share_on_mastodon":{"url":"https:\/\/pubeurope.com\/@lv\/117075770231008908","error":""},"_links":{"self":[{"href":"https:\/\/www.europesays.com\/lv\/wp-json\/wp\/v2\/posts\/266544","targetHints":{"allow":["GET"]}}],"collection":[{"href":"https:\/\/www.europesays.com\/lv\/wp-json\/wp\/v2\/posts"}],"about":[{"href":"https:\/\/www.europesays.com\/lv\/wp-json\/wp\/v2\/types\/post"}],"author":[{"embeddable":true,"href":"https:\/\/www.europesays.com\/lv\/wp-json\/wp\/v2\/users\/2"}],"replies":[{"embeddable":true,"href":"https:\/\/www.europesays.com\/lv\/wp-json\/wp\/v2\/comments?post=266544"}],"version-history":[{"count":0,"href":"https:\/\/www.europesays.com\/lv\/wp-json\/wp\/v2\/posts\/266544\/revisions"}],"wp:featuredmedia":[{"embeddable":true,"href":"https:\/\/www.europesays.com\/lv\/wp-json\/wp\/v2\/media\/266545"}],"wp:attachment":[{"href":"https:\/\/www.europesays.com\/lv\/wp-json\/wp\/v2\/media?parent=266544"}],"wp:term":[{"taxonomy":"category","embeddable":true,"href":"https:\/\/www.europesays.com\/lv\/wp-json\/wp\/v2\/categories?post=266544"},{"taxonomy":"post_tag","embeddable":true,"href":"https:\/\/www.europesays.com\/lv\/wp-json\/wp\/v2\/tags?post=266544"}],"curies":[{"name":"wp","href":"https:\/\/api.w.org\/{rel}","templated":true}]}}