{"id":26659,"date":"2025-10-20T19:44:07","date_gmt":"2025-10-20T19:44:07","guid":{"rendered":"https:\/\/www.europesays.com\/lv\/26659\/"},"modified":"2025-10-20T19:44:07","modified_gmt":"2025-10-20T19:44:07","slug":"tramps-draud-iznidet-hamas-ja-grupejums-parkaps-pamieru","status":"publish","type":"post","link":"https:\/\/www.europesays.com\/lv\/26659\/","title":{"rendered":"Tramps draud izn\u012bd\u0113t &#8220;Ham\u0101s&#8221;, ja grup\u0113jums p\u0101rk\u0101ps pamieru"},"content":{"rendered":"<p>&#8220;M\u0113s nosl\u0113dz\u0101m vieno\u0161anos ar &#8220;Ham\u0101s&#8221;, ka vi\u0146i b\u016bs \u013coti labi, vi\u0146i uzved\u012bsies, vi\u0146i b\u016bs laipni,&#8221; Tramps sac\u012bja \u017eurn\u0101listiem Baltaj\u0101 nam\u0101, uz\u0146emot Austr\u0101lijas premjerministru Entoniju Alban\u012bzu.<\/p>\n<p>&#8220;Un, ja vi\u0146i neb\u016bs t\u0101di, m\u0113s dosimies uz turieni un vi\u0146us izn\u012bd\u0113sim, ja b\u016bs nepiecie\u0161ams. Vi\u0146i tiks izn\u012bd\u0113ti, un vi\u0146i to zina.&#8221;<\/p>\n<p>Tom\u0113r Tramps nor\u0101d\u012bja, ka amerik\u0101\u0146u sp\u0113ki netiks iesaist\u012bti c\u012b\u0146\u0101 pret &#8220;Ham\u0101s&#8221;, sakot, ka desmitiem valstu, kas piekritu\u0161as pievienoties starptautiskajiem stabiliz\u0101cijas sp\u0113kiem Gaz\u0101, &#8220;labpr\u0101t dotos tur iek\u0161\u0101&#8221;.<\/p>\n<p>&#8220;Turkl\u0101t jums ir Izra\u0113la, kas ieietu div\u0101s min\u016bt\u0113s, ja es vi\u0146us l\u016bgtu ieiet,&#8221; pauda Tramps.<\/p>\n<p>&#8220;Ham\u0101s&#8221; tagad ir daudz v\u0101j\u0101ks, nor\u0101d\u012bja ASV prezidents, jo \u012bpa\u0161i \u0146emot v\u0113r\u0101, ka grup\u0113juma atbalst\u012bt\u0101ja Teher\u0101na p\u0113c \u0161\u0101 gada s\u0101kum\u0101 veiktajiem ASV un Izra\u0113las triecieniem vairs, visticam\u0101k, neiejauksies.<\/p>\n","protected":false},"excerpt":{"rendered":"&#8220;M\u0113s nosl\u0113dz\u0101m vieno\u0161anos ar &#8220;Ham\u0101s&#8221;, ka vi\u0146i b\u016bs \u013coti labi, vi\u0146i uzved\u012bsies, vi\u0146i b\u016bs laipni,&#8221; Tramps sac\u012bja \u017eurn\u0101listiem&hellip;\n","protected":false},"author":2,"featured_media":26660,"comment_status":"","ping_status":"","sticky":false,"template":"","format":"standard","meta":{"footnotes":""},"categories":[14],"tags":[23,57,28,29,542,32,33,1272,22,30,31,35,39,38,36,37,34,40,20,26,27,24,25,54,55,56,21,58],"class_list":{"0":"post-26659","1":"post","2":"type-post","3":"status-publish","4":"format-standard","5":"has-post-thumbnail","7":"category-zinas-no-arvalstim","8":"tag-aktualitates","9":"tag-arvalstim","10":"tag-breaking-news","11":"tag-breakingnews","12":"tag-donalds-tramps","13":"tag-featured-news","14":"tag-featurednews","15":"tag-hamas","16":"tag-headlines","17":"tag-latest-news","18":"tag-latestnews","19":"tag-latvia","20":"tag-latvian","21":"tag-latviesu","22":"tag-latviesu-valoda","23":"tag-latviesuvaloda","24":"tag-latvija","25":"tag-lv","26":"tag-news","27":"tag-popularakas-zinas","28":"tag-popularakaszinas","29":"tag-top-stories","30":"tag-topstories","31":"tag-world","32":"tag-world-news","33":"tag-worldnews","34":"tag-zinas","35":"tag-zinas-no-arvalstim"},"share_on_mastodon":{"url":"","error":""},"_links":{"self":[{"href":"https:\/\/www.europesays.com\/lv\/wp-json\/wp\/v2\/posts\/26659","targetHints":{"allow":["GET"]}}],"collection":[{"href":"https:\/\/www.europesays.com\/lv\/wp-json\/wp\/v2\/posts"}],"about":[{"href":"https:\/\/www.europesays.com\/lv\/wp-json\/wp\/v2\/types\/post"}],"author":[{"embeddable":true,"href":"https:\/\/www.europesays.com\/lv\/wp-json\/wp\/v2\/users\/2"}],"replies":[{"embeddable":true,"href":"https:\/\/www.europesays.com\/lv\/wp-json\/wp\/v2\/comments?post=26659"}],"version-history":[{"count":0,"href":"https:\/\/www.europesays.com\/lv\/wp-json\/wp\/v2\/posts\/26659\/revisions"}],"wp:featuredmedia":[{"embeddable":true,"href":"https:\/\/www.europesays.com\/lv\/wp-json\/wp\/v2\/media\/26660"}],"wp:attachment":[{"href":"https:\/\/www.europesays.com\/lv\/wp-json\/wp\/v2\/media?parent=26659"}],"wp:term":[{"taxonomy":"category","embeddable":true,"href":"https:\/\/www.europesays.com\/lv\/wp-json\/wp\/v2\/categories?post=26659"},{"taxonomy":"post_tag","embeddable":true,"href":"https:\/\/www.europesays.com\/lv\/wp-json\/wp\/v2\/tags?post=26659"}],"curies":[{"name":"wp","href":"https:\/\/api.w.org\/{rel}","templated":true}]}}