{"id":266600,"date":"2026-08-11T08:44:16","date_gmt":"2026-08-11T08:44:16","guid":{"rendered":"https:\/\/www.europesays.com\/lv\/266600\/"},"modified":"2026-08-11T08:44:16","modified_gmt":"2026-08-11T08:44:16","slug":"pec-operacijas-bkus-bernam-konstate-smadzenu-bojajumus-gimene-cinas-par-kompensaciju","status":"publish","type":"post","link":"https:\/\/www.europesays.com\/lv\/266600\/","title":{"rendered":"P\u0113c oper\u0101cijas BKUS b\u0113rnam konstat\u0113 smadze\u0146u boj\u0101jumus. \u0122imene c\u012bn\u0101s par kompens\u0101ciju"},"content":{"rendered":"<p>Smaga, iedzimta slim\u012bba, sare\u017e\u0123\u012bta oper\u0101cija un neveiksme. Rezult\u0101t\u0101 mazais B\u0113rnu kl\u012bnisk\u0101s universit\u0101tes slimn\u012bcas pacients ir ieguvis neatgriezeniskus galvas smadze\u0146u boj\u0101jumus, kas ietekm\u0113s vi\u0146u visu atliku\u0161o m\u016b\u017eu.<\/p>\n<p>B\u0113rna vec\u0101ki v\u0113rs\u0101s p\u0113c kompens\u0101cijas \u0100rstniec\u012bbas riska fond\u0101. Tom\u0113r, lai ieg\u016btu kompens\u0101ciju 142 t\u016bksto\u0161u apm\u0113r\u0101, n\u0101c\u0101s gadiem ties\u0101ties un pier\u0101d\u012bt savu taisn\u012bbu vis\u0101s tiesu instanc\u0113s.<\/p>\n","protected":false},"excerpt":{"rendered":"Smaga, iedzimta slim\u012bba, sare\u017e\u0123\u012bta oper\u0101cija un neveiksme. Rezult\u0101t\u0101 mazais B\u0113rnu kl\u012bnisk\u0101s universit\u0101tes slimn\u012bcas pacients ir ieguvis neatgriezeniskus galvas&hellip;\n","protected":false},"author":2,"featured_media":266601,"comment_status":"","ping_status":"","sticky":false,"template":"","format":"standard","meta":{"footnotes":"","_share_on_mastodon":"0"},"categories":[14],"tags":[27713,23,11074,57,5640,18758,28,29,41479,32,33,22,41480,30,31,35,39,38,36,37,34,40,20,41481,26,27,172,375,11194,24,25,900,691,1454,54,55,56,21,58],"class_list":["post-266600","post","type-post","status-publish","format-standard","has-post-thumbnail","category-zinas-no-arvalstim","tag-administrativa-apgabaltiesa","tag-aktualitates","tag-arstniecibas-riska-fonds","tag-arvalstim","tag-augstakas-tiesas-senats","tag-bernu-kliniska-universitates-slimnica","tag-breaking-news","tag-breakingnews","tag-fall-tetrade","tag-featured-news","tag-featurednews","tag-headlines","tag-iedzimta-sirdskaite","tag-latest-news","tag-latestnews","tag-latvia","tag-latvian","tag-latviesu","tag-latviesu-valoda","tag-latviesuvaloda","tag-latvija","tag-lv","tag-news","tag-pacienta-tiesibas","tag-popularakas-zinas","tag-popularakaszinas","tag-riga","tag-tiesa","tag-tiesvediba","tag-top-stories","tag-topstories","tag-tvnet-cilvekstasti","tag-veselibas-inspekcija","tag-veselibas-ministrija","tag-world","tag-world-news","tag-worldnews","tag-zinas","tag-zinas-no-arvalstim"],"share_on_mastodon":{"url":"","error":"Validation failed: Text character limit of 500 exceeded"},"_links":{"self":[{"href":"https:\/\/www.europesays.com\/lv\/wp-json\/wp\/v2\/posts\/266600","targetHints":{"allow":["GET"]}}],"collection":[{"href":"https:\/\/www.europesays.com\/lv\/wp-json\/wp\/v2\/posts"}],"about":[{"href":"https:\/\/www.europesays.com\/lv\/wp-json\/wp\/v2\/types\/post"}],"author":[{"embeddable":true,"href":"https:\/\/www.europesays.com\/lv\/wp-json\/wp\/v2\/users\/2"}],"replies":[{"embeddable":true,"href":"https:\/\/www.europesays.com\/lv\/wp-json\/wp\/v2\/comments?post=266600"}],"version-history":[{"count":0,"href":"https:\/\/www.europesays.com\/lv\/wp-json\/wp\/v2\/posts\/266600\/revisions"}],"wp:featuredmedia":[{"embeddable":true,"href":"https:\/\/www.europesays.com\/lv\/wp-json\/wp\/v2\/media\/266601"}],"wp:attachment":[{"href":"https:\/\/www.europesays.com\/lv\/wp-json\/wp\/v2\/media?parent=266600"}],"wp:term":[{"taxonomy":"category","embeddable":true,"href":"https:\/\/www.europesays.com\/lv\/wp-json\/wp\/v2\/categories?post=266600"},{"taxonomy":"post_tag","embeddable":true,"href":"https:\/\/www.europesays.com\/lv\/wp-json\/wp\/v2\/tags?post=266600"}],"curies":[{"name":"wp","href":"https:\/\/api.w.org\/{rel}","templated":true}]}}