{"id":26663,"date":"2025-10-20T19:50:07","date_gmt":"2025-10-20T19:50:07","guid":{"rendered":"https:\/\/www.europesays.com\/lv\/26663\/"},"modified":"2025-10-20T19:50:07","modified_gmt":"2025-10-20T19:50:07","slug":"asv-valsts-sekretars-rubio-sazvanijies-ar-lavrovu","status":"publish","type":"post","link":"https:\/\/www.europesays.com\/lv\/26663\/","title":{"rendered":"ASV valsts sekret\u0101rs Rubio sazvan\u012bjies ar Lavrovu"},"content":{"rendered":"<p>T\u0101s gait\u0101 \u0101rlietu resoru vad\u012bt\u0101ji spriedu\u0161i par &#8220;n\u0101kamajiem so\u013ciem&#8221; p\u0113c ASV prezidenta Donalda Trampa un Krievijas diktatora Vladimira Putina 16. oktobra telefonsarunas, pav\u0113st\u012bja ASV Valsts departamenta preses sekret\u0101rs Tomijs Pigots.<\/p>\n<p>Tramps un Putins telefonsarunas gait\u0101 pag\u0101ju\u0161aj\u0101 ned\u0113\u013c\u0101 vienoj\u0101s dr\u012bzum\u0101 tikties Ung\u0101rij\u0101, lai run\u0101tu par Krievijas un Ukrainas kara izbeig\u0161anas variantiem.<\/p>\n<p>&#8220;[Rubio] uzsv\u0113ra pl\u0101noto sarunu noz\u012bmi k\u0101 iesp\u0113ju Maskavas un Va\u0161ingtonas sadarb\u012bbai, kas v\u0113rsta uz Krievijas un Ukrainas kara ilgtermi\u0146a atrisin\u0101jumu atbilsto\u0161i prezidenta Trampa redz\u0113jumam,&#8221; sac\u012bja Pigots.<\/p>\n<p>Par Rubio un Lavrova sarunu iepriek\u0161 zi\u0146oja Krievijas \u0100rlietu ministrija.<\/p>\n<p>Tramps kop\u0161 atgrie\u0161an\u0101s Baltaj\u0101 nam\u0101 \u0161\u012b gada s\u0101kum\u0101 centies pan\u0101kt \u0101tru Krievijas uzs\u0101kt\u0101 kara izbeig\u0161anu pret Ukrainu, uzst\u0101jot uz virkni tie\u0161u sarunu starp Ukrainas un Krievijas amatperson\u0101m un uz\u0146emot Putinu samit\u0101 A\u013cask\u0101, ta\u010du \u0161ie diplom\u0101tiskie centieni nav novedu\u0161i ne pie nek\u0101da izr\u0101viena.<\/p>\n","protected":false},"excerpt":{"rendered":"T\u0101s gait\u0101 \u0101rlietu resoru vad\u012bt\u0101ji spriedu\u0161i par &#8220;n\u0101kamajiem so\u013ciem&#8221; p\u0113c ASV prezidenta Donalda Trampa un Krievijas diktatora Vladimira&hellip;\n","protected":false},"author":2,"featured_media":26664,"comment_status":"","ping_status":"","sticky":false,"template":"","format":"standard","meta":{"footnotes":""},"categories":[14],"tags":[23,57,28,29,32,33,22,74,30,31,35,39,38,36,37,34,40,2093,20,26,27,24,25,54,55,56,21,58],"class_list":{"0":"post-26663","1":"post","2":"type-post","3":"status-publish","4":"format-standard","5":"has-post-thumbnail","7":"category-zinas-no-arvalstim","8":"tag-aktualitates","9":"tag-arvalstim","10":"tag-breaking-news","11":"tag-breakingnews","12":"tag-featured-news","13":"tag-featurednews","14":"tag-headlines","15":"tag-krievijas-iebrukums-ukraina","16":"tag-latest-news","17":"tag-latestnews","18":"tag-latvia","19":"tag-latvian","20":"tag-latviesu","21":"tag-latviesu-valoda","22":"tag-latviesuvaloda","23":"tag-latvija","24":"tag-lv","25":"tag-marko-rubio","26":"tag-news","27":"tag-popularakas-zinas","28":"tag-popularakaszinas","29":"tag-top-stories","30":"tag-topstories","31":"tag-world","32":"tag-world-news","33":"tag-worldnews","34":"tag-zinas","35":"tag-zinas-no-arvalstim"},"share_on_mastodon":{"url":"","error":""},"_links":{"self":[{"href":"https:\/\/www.europesays.com\/lv\/wp-json\/wp\/v2\/posts\/26663","targetHints":{"allow":["GET"]}}],"collection":[{"href":"https:\/\/www.europesays.com\/lv\/wp-json\/wp\/v2\/posts"}],"about":[{"href":"https:\/\/www.europesays.com\/lv\/wp-json\/wp\/v2\/types\/post"}],"author":[{"embeddable":true,"href":"https:\/\/www.europesays.com\/lv\/wp-json\/wp\/v2\/users\/2"}],"replies":[{"embeddable":true,"href":"https:\/\/www.europesays.com\/lv\/wp-json\/wp\/v2\/comments?post=26663"}],"version-history":[{"count":0,"href":"https:\/\/www.europesays.com\/lv\/wp-json\/wp\/v2\/posts\/26663\/revisions"}],"wp:featuredmedia":[{"embeddable":true,"href":"https:\/\/www.europesays.com\/lv\/wp-json\/wp\/v2\/media\/26664"}],"wp:attachment":[{"href":"https:\/\/www.europesays.com\/lv\/wp-json\/wp\/v2\/media?parent=26663"}],"wp:term":[{"taxonomy":"category","embeddable":true,"href":"https:\/\/www.europesays.com\/lv\/wp-json\/wp\/v2\/categories?post=26663"},{"taxonomy":"post_tag","embeddable":true,"href":"https:\/\/www.europesays.com\/lv\/wp-json\/wp\/v2\/tags?post=26663"}],"curies":[{"name":"wp","href":"https:\/\/api.w.org\/{rel}","templated":true}]}}