{"id":266702,"date":"2026-08-11T11:13:22","date_gmt":"2026-08-11T11:13:22","guid":{"rendered":"https:\/\/www.europesays.com\/lv\/266702\/"},"modified":"2026-08-11T11:13:22","modified_gmt":"2026-08-11T11:13:22","slug":"eiropas-basketbola-trakakais-sapnis-griekijas-klubs-megina-piesaistit-nba-superzvaigzni-jokicu-delfi","status":"publish","type":"post","link":"https:\/\/www.europesays.com\/lv\/266702\/","title":{"rendered":"Eiropas basketbola trak\u0101kais sapnis? Grie\u0137ijas klubs m\u0113\u0123ina piesaist\u012bt NBA superzvaigzni Joki\u010du &#8211; Delfi"},"content":{"rendered":"<ol>\n<li><a href=\"https:\/\/news.google.com\/rss\/articles\/CBMi5wFBVV95cUxPUEJ2MVdaek14dExqTExrTW9uRDJiV3JwNkJIUkZMU2JFdS1OV2JZcHZjaWxVQkw1a3pvNGFoQjUtQVIwdnk0eDA5RWlVSlJ6ZDF5cjdXVFdyOVZvbENGV2VLVUlPQmhjSmhWMzUtc1JIR2s4OTRfMGNpSGxidDlndlJyQzYxMFJMcWlseE9fMzhPUWU4Si1KX0p0UmxySk9Uc1N6dGNKbVJCYzV0bWJoZnlrQ0hpMjAwY1ZYSjRXMnc2Y1FKcVNCTlhHT3E3WjBlMWZxdDNwZDJGYU94WjAxTmg0TXloUkE?oc=5\" target=\"_blank\" rel=\"nofollow noopener\">Eiropas basketbola trak\u0101kais sapnis? Grie\u0137ijas klubs m\u0113\u0123ina piesaist\u012bt NBA superzvaigzni Joki\u010du<\/a>&nbsp;&nbsp;Delfi<\/li>\n<li><a href=\"https:\/\/news.google.com\/rss\/articles\/CBMinAFBVV95cUxPdnZtMG44ODN2eGR3S1k5NEIyNGlPTTFKMU9oNlZWNjBIRmhSYTBGWVFNNlgzbVI3eGRJS19ROWJDOVRvVUZhdnFTYXZsNlZuYmRQcFIzeTVvSkZPcHZEaDlWZFNLYTJyUjAzXzB3d3ducmZaMGF0VXdPZE8yWDk5WUJiZkhXeTVZWnlLNldYeFhQeFJWcUtKU2NWblU?oc=5\" target=\"_blank\" rel=\"nofollow noopener\">Joki\u010ds Eirol\u012bg\u0101? Kluba \u012bpa\u0161nieks atkl\u0101j drosm\u012bgu m\u0113\u0123in\u0101jumu piesaist\u012bt superzvaigzni \u2013 Basketbols<\/a>&nbsp;&nbsp;Sportacentrs.com<\/li>\n<li><a href=\"https:\/\/news.google.com\/rss\/articles\/CBMiwgFBVV95cUxORkl1OE1xMDNxeDJ0OEZlbldCZC0za256VUEtTE1NTmp5LXE0Qm14RVhfQmE0MG1MVkZCVF9Lc0xwUWFOdkFVSEJPdkxvalQzVmFmX3BSXzBUcTE3cUpRSVhvTS0wdXlOc3pmRGQ2dW1oR05UN0NHeWNkR0JWbTE3WjMxWXNmSVhWRTJycFJaSFc2WlpTZVR5T1hJbzdqSDlnTEc3dnFVQVg3c1FuVGpueW1wR243WHhrV1NsUzczbmdxUQ?oc=5\" target=\"_blank\" rel=\"nofollow noopener\">\u201cCilv\u0113ki dom\u0101, ka es jokoju\u201d \u2013 ekstravagantais PAO \u012bpa\u0161nieks izteicis pied\u0101v\u0101jumu NBA superzvaigznei<\/a>&nbsp;&nbsp;Sportazinas.com<\/li>\n<li><a href=\"https:\/\/news.google.com\/rss\/articles\/CBMingFBVV95cUxOZlFTbThsZjdWUE1Fd2IzYzVGZXpkSHVRWC1qekVYUDRuZVJrdVI3RC1nc0l6enpvR0hDVlZEQmktMW5sNUpvM0w4dG1TeVZFdWx3Q3NxQXhzSWZqdXlLVWVWZUxmY2FnUnBJeXNvTkhKR0hsRzA0THFqT2xWYU9VQnJkQ2R4TmtjUE1icERZYkhGeTBxcUkxS0MxNHU4Zw?oc=5\" target=\"_blank\" rel=\"nofollow noopener\">Joki\u010ds var ierakst\u012bt savu v\u0101rdu NBA v\u0113stur\u0113 ar rekordlielu l\u012bgumu<\/a>&nbsp;&nbsp;TVNET Sports<\/li>\n<li><a href=\"https:\/\/news.google.com\/rss\/articles\/CBMilgFBVV95cUxNWWVuNHRCaFM5aXlOV3FhdlpaZGxYWmZHZC1YZUVubmRjdE15UVAyaVpvN0otLWVJNGN1QllDUlVrYnpGSGlSSnM0Y3J3VmtZM0UwS19EQTIzUXRITV9BNG53d2RoeXZlVzBxakNjaVRMZVlGcU5Ia21zNzRRSEV5ek1pVUJnV00zcEJOelBnZ29adzFYdlE?oc=5\" target=\"_blank\" rel=\"nofollow noopener\">Joki\u010ds n\u0101kamvasar var\u0113tu sa\u0146emt apjom\u012bg\u0101ko l\u012bgumu NBA v\u0113stur\u0113<\/a>&nbsp;&nbsp;Apollo.lv<\/li>\n<\/ol>\n","protected":false},"excerpt":{"rendered":"Eiropas basketbola trak\u0101kais sapnis? Grie\u0137ijas klubs m\u0113\u0123ina piesaist\u012bt NBA superzvaigzni Joki\u010du&nbsp;&nbsp;Delfi Joki\u010ds Eirol\u012bg\u0101? Kluba \u012bpa\u0161nieks atkl\u0101j drosm\u012bgu m\u0113\u0123in\u0101jumu&hellip;\n","protected":false},"author":2,"featured_media":266703,"comment_status":"","ping_status":"","sticky":false,"template":"","format":"standard","meta":{"footnotes":"","_share_on_mastodon":"0"},"categories":[17],"tags":[145,35,39,38,36,37,34,40,1258,5786,7448,67,2120],"class_list":["post-266702","post","type-post","status-publish","format-standard","has-post-thumbnail","category-sports","tag-basketbols","tag-latvia","tag-latvian","tag-latviesu","tag-latviesu-valoda","tag-latviesuvaloda","tag-latvija","tag-lv","tag-nba","tag-nikola-jokics","tag-panathinaikos","tag-sports","tag-uleb-eiroliga"],"share_on_mastodon":{"url":"https:\/\/pubeurope.com\/@lv\/117076584376290206","error":""},"_links":{"self":[{"href":"https:\/\/www.europesays.com\/lv\/wp-json\/wp\/v2\/posts\/266702","targetHints":{"allow":["GET"]}}],"collection":[{"href":"https:\/\/www.europesays.com\/lv\/wp-json\/wp\/v2\/posts"}],"about":[{"href":"https:\/\/www.europesays.com\/lv\/wp-json\/wp\/v2\/types\/post"}],"author":[{"embeddable":true,"href":"https:\/\/www.europesays.com\/lv\/wp-json\/wp\/v2\/users\/2"}],"replies":[{"embeddable":true,"href":"https:\/\/www.europesays.com\/lv\/wp-json\/wp\/v2\/comments?post=266702"}],"version-history":[{"count":0,"href":"https:\/\/www.europesays.com\/lv\/wp-json\/wp\/v2\/posts\/266702\/revisions"}],"wp:featuredmedia":[{"embeddable":true,"href":"https:\/\/www.europesays.com\/lv\/wp-json\/wp\/v2\/media\/266703"}],"wp:attachment":[{"href":"https:\/\/www.europesays.com\/lv\/wp-json\/wp\/v2\/media?parent=266702"}],"wp:term":[{"taxonomy":"category","embeddable":true,"href":"https:\/\/www.europesays.com\/lv\/wp-json\/wp\/v2\/categories?post=266702"},{"taxonomy":"post_tag","embeddable":true,"href":"https:\/\/www.europesays.com\/lv\/wp-json\/wp\/v2\/tags?post=266702"}],"curies":[{"name":"wp","href":"https:\/\/api.w.org\/{rel}","templated":true}]}}