{"id":266720,"date":"2026-08-11T11:34:09","date_gmt":"2026-08-11T11:34:09","guid":{"rendered":"https:\/\/www.europesays.com\/lv\/266720\/"},"modified":"2026-08-11T11:34:09","modified_gmt":"2026-08-11T11:34:09","slug":"krievijas-drons-ielidojis-moldovas-gaisa-telpa","status":"publish","type":"post","link":"https:\/\/www.europesays.com\/lv\/266720\/","title":{"rendered":"Krievijas drons ielidojis Moldovas gaisa telp\u0101"},"content":{"rendered":"<p>Moldovas radari pirmdien plkst. 23.41 fiks\u0113ja objektu, kas p\u0101rvietoj\u0101s no Ukrainas Stepa\u0146ivkas ciema puses un ielidoja Moldovas gaisa telp\u0101, lidojot p\u0101ri Prioziornojes ciemam Slobodzejas rajon\u0101, pav\u0113st\u012bja Gaisa oper\u0101ciju dienests.<\/p>\n<p>P\u0113c min\u016btes lidapar\u0101ts izlidoja no Moldovas gaisa telpas atpaka\u013c Ukrainas teritorij\u0101 uz zieme\u013ciem no Stepa\u0146ivkas.<\/p>\n<blockquote class=\"quote ck-widget\" contenteditable=\"false\">\n<p>Sprie\u017eot p\u0113c objekta apris\u0113m, tas bija drons &#8220;Gera\u0146-3&#8221;, tas ir, &#8220;Shahed&#8221; tipa reakt\u012bvais drons.<\/p>\n<\/blockquote>\n<p>Ukrainas Gaisa sp\u0113ku zi\u0146ojumos par gaisa draudiem aptuveni taj\u0101 pa\u0161\u0101 laik\u0101 tika min\u0113ta reakt\u012bv\u0101 bezpilota lidapar\u0101ta kust\u012bba Odesas apgabal\u0101 pie ciemiem net\u0101lu no robe\u017eas ar Moldovu.<\/p>\n<p>Jau zi\u0146ots, ka Moldov\u0101 sv\u0113tdien nokrita un eksplod\u0113ja vad\u0101ms kaujas lidrobots.<\/p>\n<p>Saska\u0146\u0101 ar s\u0101kotn\u0113jo speci\u0101listu atzinumu nokritu\u0161ais lidapar\u0101ts var\u0113tu b\u016bt t\u0101 d\u0113v\u0113t\u0101 ra\u0137ete-drons jeb reakt\u012bvais lidrobots.<\/p>\n<p>Kop\u0161 Krievijas atk\u0101rtot\u0101 iebrukuma Ukrain\u0101 Moldovas teritorij\u0101 atrastas 28 ra\u0137e\u0161u vai lidrobotu atliekas. 12 gad\u012bjumos nokritu\u0161ajos lidapar\u0101tos konstat\u0113tas spr\u0101gstvielas.<\/p>\n<p>Moldovas \u0100rlietu ministrija atsaukusi valsts v\u0113stnieku Maskav\u0101 uz konsult\u0101cij\u0101m, pirmdien pav\u0113st\u012bja ministrijas preses dienests.<\/p>\n<p>L\u0113mums saist\u012bts ar sv\u0113tdien notiku\u0161o incidentu, kad Moldovas teritorij\u0101 nog\u0101z\u0101s kaujas drons, nor\u0101d\u012bja ministrija.<\/p>\n","protected":false},"excerpt":{"rendered":"Moldovas radari pirmdien plkst. 23.41 fiks\u0113ja objektu, kas p\u0101rvietoj\u0101s no Ukrainas Stepa\u0146ivkas ciema puses un ielidoja Moldovas gaisa&hellip;\n","protected":false},"author":2,"featured_media":266721,"comment_status":"","ping_status":"","sticky":false,"template":"","format":"standard","meta":{"footnotes":"","_share_on_mastodon":"0"},"categories":[14],"tags":[23,57,3700,28,29,32,33,22,234,30,31,35,39,38,36,37,34,40,1453,20,26,27,24,25,54,55,56,21,58],"class_list":["post-266720","post","type-post","status-publish","format-standard","has-post-thumbnail","category-zinas-no-arvalstim","tag-aktualitates","tag-arvalstim","tag-autoritarisma-ena-par-eiropu","tag-breaking-news","tag-breakingnews","tag-featured-news","tag-featurednews","tag-headlines","tag-krievija","tag-latest-news","tag-latestnews","tag-latvia","tag-latvian","tag-latviesu","tag-latviesu-valoda","tag-latviesuvaloda","tag-latvija","tag-lv","tag-moldova","tag-news","tag-popularakas-zinas","tag-popularakaszinas","tag-top-stories","tag-topstories","tag-world","tag-world-news","tag-worldnews","tag-zinas","tag-zinas-no-arvalstim"],"share_on_mastodon":{"url":"https:\/\/pubeurope.com\/@lv\/117076667099526337","error":""},"_links":{"self":[{"href":"https:\/\/www.europesays.com\/lv\/wp-json\/wp\/v2\/posts\/266720","targetHints":{"allow":["GET"]}}],"collection":[{"href":"https:\/\/www.europesays.com\/lv\/wp-json\/wp\/v2\/posts"}],"about":[{"href":"https:\/\/www.europesays.com\/lv\/wp-json\/wp\/v2\/types\/post"}],"author":[{"embeddable":true,"href":"https:\/\/www.europesays.com\/lv\/wp-json\/wp\/v2\/users\/2"}],"replies":[{"embeddable":true,"href":"https:\/\/www.europesays.com\/lv\/wp-json\/wp\/v2\/comments?post=266720"}],"version-history":[{"count":0,"href":"https:\/\/www.europesays.com\/lv\/wp-json\/wp\/v2\/posts\/266720\/revisions"}],"wp:featuredmedia":[{"embeddable":true,"href":"https:\/\/www.europesays.com\/lv\/wp-json\/wp\/v2\/media\/266721"}],"wp:attachment":[{"href":"https:\/\/www.europesays.com\/lv\/wp-json\/wp\/v2\/media?parent=266720"}],"wp:term":[{"taxonomy":"category","embeddable":true,"href":"https:\/\/www.europesays.com\/lv\/wp-json\/wp\/v2\/categories?post=266720"},{"taxonomy":"post_tag","embeddable":true,"href":"https:\/\/www.europesays.com\/lv\/wp-json\/wp\/v2\/tags?post=266720"}],"curies":[{"name":"wp","href":"https:\/\/api.w.org\/{rel}","templated":true}]}}