{"id":26694,"date":"2025-10-20T20:40:08","date_gmt":"2025-10-20T20:40:08","guid":{"rendered":"https:\/\/www.europesays.com\/lv\/26694\/"},"modified":"2025-10-20T20:40:08","modified_gmt":"2025-10-20T20:40:08","slug":"atrodi-sevi-%e2%9f%a9-riga-fashion-week-stils-bezstils-atklasanas-diena","status":"publish","type":"post","link":"https:\/\/www.europesays.com\/lv\/26694\/","title":{"rendered":"ATRODI SEVI \u27e9 &#8220;Riga Fashion Week&#8221; stils &#038; bezstils: atkl\u0101\u0161anas diena"},"content":{"rendered":"<p>No 20. l\u012bdz 24. oktobrim R\u012bga k\u013c\u016bs par modes epicentru, jo galvaspils\u0113t\u0101 norisin\u0101sies Riga Fashion Week jeb R\u012bgas modes ned\u0113\u013ca, un \u0161\u012b sezona ieies v\u0113stur\u0113 k\u0101 debiju sezona. Kopum\u0101 savas kolekcijas R\u012bg\u0101 demonstr\u0113s 17 z\u012bmoli no Latvijas, Igaunijas, Lietuvas, Polijas, Be\u013c\u0123ijas un Uzbekist\u0101nas, no kuriem 12 uz RFWpodija b\u016bs redzami pirmo reizi. K\u0101 jau katru gadu, ar\u012b \u0161ogad nov\u0113rt\u0113ts tiek ar\u012b modes gard\u0113\u017eu jeb modes ned\u0113\u013cas apmekl\u0113t\u0101ju stils.<\/p>\n<p>Apl\u016bkosim RFW 1. dienas viesu izv\u0113l\u0113to stilu vair\u0101k nek\u0101 100 bild\u0113s!<\/p>\n","protected":false},"excerpt":{"rendered":"No 20. l\u012bdz 24. oktobrim R\u012bga k\u013c\u016bs par modes epicentru, jo galvaspils\u0113t\u0101 norisin\u0101sies Riga Fashion Week jeb R\u012bgas&hellip;\n","protected":false},"author":2,"featured_media":26695,"comment_status":"","ping_status":"","sticky":false,"template":"","format":"standard","meta":{"footnotes":""},"categories":[5],"tags":[23,28,29,32,33,22,30,31,35,39,38,36,37,34,40,20,26,27,8312,8281,24,25,8125,21],"class_list":{"0":"post-26694","1":"post","2":"type-post","3":"status-publish","4":"format-standard","5":"has-post-thumbnail","7":"category-aktualitates","8":"tag-aktualitates","9":"tag-breaking-news","10":"tag-breakingnews","11":"tag-featured-news","12":"tag-featurednews","13":"tag-headlines","14":"tag-latest-news","15":"tag-latestnews","16":"tag-latvia","17":"tag-latvian","18":"tag-latviesu","19":"tag-latviesu-valoda","20":"tag-latviesuvaloda","21":"tag-latvija","22":"tag-lv","23":"tag-news","24":"tag-popularakas-zinas","25":"tag-popularakaszinas","26":"tag-riga-fashion-week","27":"tag-rigas-modes-nedela","28":"tag-top-stories","29":"tag-topstories","30":"tag-tvnet-egoiste","31":"tag-zinas"},"share_on_mastodon":{"url":"","error":""},"_links":{"self":[{"href":"https:\/\/www.europesays.com\/lv\/wp-json\/wp\/v2\/posts\/26694","targetHints":{"allow":["GET"]}}],"collection":[{"href":"https:\/\/www.europesays.com\/lv\/wp-json\/wp\/v2\/posts"}],"about":[{"href":"https:\/\/www.europesays.com\/lv\/wp-json\/wp\/v2\/types\/post"}],"author":[{"embeddable":true,"href":"https:\/\/www.europesays.com\/lv\/wp-json\/wp\/v2\/users\/2"}],"replies":[{"embeddable":true,"href":"https:\/\/www.europesays.com\/lv\/wp-json\/wp\/v2\/comments?post=26694"}],"version-history":[{"count":0,"href":"https:\/\/www.europesays.com\/lv\/wp-json\/wp\/v2\/posts\/26694\/revisions"}],"wp:featuredmedia":[{"embeddable":true,"href":"https:\/\/www.europesays.com\/lv\/wp-json\/wp\/v2\/media\/26695"}],"wp:attachment":[{"href":"https:\/\/www.europesays.com\/lv\/wp-json\/wp\/v2\/media?parent=26694"}],"wp:term":[{"taxonomy":"category","embeddable":true,"href":"https:\/\/www.europesays.com\/lv\/wp-json\/wp\/v2\/categories?post=26694"},{"taxonomy":"post_tag","embeddable":true,"href":"https:\/\/www.europesays.com\/lv\/wp-json\/wp\/v2\/tags?post=26694"}],"curies":[{"name":"wp","href":"https:\/\/api.w.org\/{rel}","templated":true}]}}