{"id":26696,"date":"2025-10-20T20:52:04","date_gmt":"2025-10-20T20:52:04","guid":{"rendered":"https:\/\/www.europesays.com\/lv\/26696\/"},"modified":"2025-10-20T20:52:04","modified_gmt":"2025-10-20T20:52:04","slug":"atklata-rfw-%e2%9f%a9-populari-aktieri-iejutas-modelu-loma","status":"publish","type":"post","link":"https:\/\/www.europesays.com\/lv\/26696\/","title":{"rendered":"ATKL\u0100TA RFW \u27e9 Popul\u0101ri aktieri iej\u016btas mode\u013cu lom\u0101"},"content":{"rendered":"<p>Modes skat\u0113, kuras re\u017eiju veidoja aktrise <a href=\"https:\/\/www.tvnet.lv\/term\/623812\/ieva-florence-viksne\" class=\"topicLink\" target=\"_blank\" rel=\"nofollow noopener\">Ieva Florence-V\u012bksne<\/a>, t\u0113rpus demonstr\u0113ja \u012bpa\u0161i mode\u013ci \u2013 aktieri, kuru atveidotie varo\u0146i tiku\u0161i iet\u0113rpti \u0161ajos t\u0113rpos spo\u017e\u0101kaj\u0101s latvie\u0161u kinolent\u0113s: Zane Jan\u010devska, R\u0113zija Kalni\u0146a, Agnese Budovska, Inga Alsi\u0146a, M\u0101ris Grigalis, <a href=\"https:\/\/www.tvnet.lv\/term\/734221\/martins-pocs\" class=\"topicLink\" target=\"_blank\" rel=\"nofollow noopener\">M\u0101rti\u0146\u0161 Po\u010ds<\/a>, Raimonds Celms, Krist\u012bne Be\u013cicka, <a href=\"https:\/\/www.tvnet.lv\/term\/556977\/janis-amanis\" class=\"topicLink\" target=\"_blank\" rel=\"nofollow noopener\">J\u0101nis \u0100manis<\/a>, Ieva Aleksandrova, Marta Lovisa Jan\u010devska, J\u0101nis Elsts, <a href=\"https:\/\/www.tvnet.lv\/term\/695566\/girts-krumins\" class=\"topicLink\" target=\"_blank\" rel=\"nofollow noopener\">\u0122irts Kr\u016bmi\u0146\u0161<\/a>, Oto Brantevics, Gr\u0113ta Tru\u0161i\u0146a, Art\u016brs Putni\u0146\u0161 u. c.<\/p>\n","protected":false},"excerpt":{"rendered":"Modes skat\u0113, kuras re\u017eiju veidoja aktrise Ieva Florence-V\u012bksne, t\u0113rpus demonstr\u0113ja \u012bpa\u0161i mode\u013ci \u2013 aktieri, kuru atveidotie varo\u0146i tiku\u0161i&hellip;\n","protected":false},"author":2,"featured_media":26697,"comment_status":"","ping_status":"","sticky":false,"template":"","format":"standard","meta":{"footnotes":""},"categories":[5],"tags":[23,28,29,32,33,8314,8321,22,8313,8316,8320,8317,30,31,35,39,38,36,37,34,40,8315,20,26,27,6569,8318,8312,8281,24,25,8319,21],"class_list":{"0":"post-26696","1":"post","2":"type-post","3":"status-publish","4":"format-standard","5":"has-post-thumbnail","7":"category-aktualitates","8":"tag-aktualitates","9":"tag-breaking-news","10":"tag-breakingnews","11":"tag-featured-news","12":"tag-featurednews","13":"tag-girts-krumins","14":"tag-greta-trusina","15":"tag-headlines","16":"tag-ieva-florence-viksne","17":"tag-janis-amanis","18":"tag-jelena-strahova","19":"tag-kristine-belicka","20":"tag-latest-news","21":"tag-latestnews","22":"tag-latvia","23":"tag-latvian","24":"tag-latviesu","25":"tag-latviesu-valoda","26":"tag-latviesuvaloda","27":"tag-latvija","28":"tag-lv","29":"tag-martins-pocs","30":"tag-news","31":"tag-popularakas-zinas","32":"tag-popularakaszinas","33":"tag-raimonds-celms","34":"tag-rezija-kalnina","35":"tag-riga-fashion-week","36":"tag-rigas-modes-nedela","37":"tag-top-stories","38":"tag-topstories","39":"tag-zane-jancevska","40":"tag-zinas"},"share_on_mastodon":{"url":"","error":""},"_links":{"self":[{"href":"https:\/\/www.europesays.com\/lv\/wp-json\/wp\/v2\/posts\/26696","targetHints":{"allow":["GET"]}}],"collection":[{"href":"https:\/\/www.europesays.com\/lv\/wp-json\/wp\/v2\/posts"}],"about":[{"href":"https:\/\/www.europesays.com\/lv\/wp-json\/wp\/v2\/types\/post"}],"author":[{"embeddable":true,"href":"https:\/\/www.europesays.com\/lv\/wp-json\/wp\/v2\/users\/2"}],"replies":[{"embeddable":true,"href":"https:\/\/www.europesays.com\/lv\/wp-json\/wp\/v2\/comments?post=26696"}],"version-history":[{"count":0,"href":"https:\/\/www.europesays.com\/lv\/wp-json\/wp\/v2\/posts\/26696\/revisions"}],"wp:featuredmedia":[{"embeddable":true,"href":"https:\/\/www.europesays.com\/lv\/wp-json\/wp\/v2\/media\/26697"}],"wp:attachment":[{"href":"https:\/\/www.europesays.com\/lv\/wp-json\/wp\/v2\/media?parent=26696"}],"wp:term":[{"taxonomy":"category","embeddable":true,"href":"https:\/\/www.europesays.com\/lv\/wp-json\/wp\/v2\/categories?post=26696"},{"taxonomy":"post_tag","embeddable":true,"href":"https:\/\/www.europesays.com\/lv\/wp-json\/wp\/v2\/tags?post=26696"}],"curies":[{"name":"wp","href":"https:\/\/api.w.org\/{rel}","templated":true}]}}