{"id":26698,"date":"2025-10-20T20:58:14","date_gmt":"2025-10-20T20:58:14","guid":{"rendered":"https:\/\/www.europesays.com\/lv\/26698\/"},"modified":"2025-10-20T20:58:14","modified_gmt":"2025-10-20T20:58:14","slug":"pakapeniski-samazinas-latvijas-valsts-mezu-valdi","status":"publish","type":"post","link":"https:\/\/www.europesays.com\/lv\/26698\/","title":{"rendered":"Pak\u0101peniski samazin\u0101s &#8220;Latvijas valsts me\u017eu&#8221; valdi"},"content":{"rendered":"<p>TV3 raid\u012bjums &#8220;Nek\u0101 person\u012bga&#8221; sv\u0113tdien, atsaucoties uz raid\u012bjuma r\u012bc\u012bb\u0101 eso\u0161o neofici\u0101lo inform\u0101ciju, v\u0113st\u012bja, ka LVM valdes priek\u0161s\u0113d\u0113t\u0101js Putni\u0146\u0161 ir atk\u0101pies no amata. Par atk\u0101p\u0161anos no amata Putni\u0146\u0161 esot pazi\u0146ojis LVM akcion\u0101ru sapulc\u0113 \u0161ogad 16. oktobr\u012b.<\/p>\n<p>Putni\u0146\u0161 a\u0123ent\u016brai LETA koment\u0101ru \u0161aj\u0101 jaut\u0101jum\u0101 nesniedza.<\/p>\n<p>Vienlaikus &#8220;Nek\u0101 person\u012bga&#8221; v\u0113st\u012bja, ka Putni\u0146\u0161 no amata, visticam\u0101k, atk\u0101pies politiska spiediena d\u0113\u013c &#8211; atk\u0101p\u0161an\u0101s var\u0113tu b\u016bt saist\u012bta ar vald\u012bbas l\u0113mumu izr\u0101d\u012bt pretimn\u0101k\u0161anu kokr\u016bpniekiem, kuri LVM izsol\u0113s uz trim gadiem nosol\u012bju\u0161i l\u012bgumus par sam\u0113r\u0101 augst\u0101m cen\u0101m.<\/p>\n<p>Raid\u012bjums nor\u0101d\u012bja, ka Putni\u0146a vad\u012btajai valdei iepriek\u0161 pras\u012bja p\u0101rskat\u012bt nosl\u0113gt\u0101s vieno\u0161an\u0101s un samazin\u0101t cenas, ta\u010du LVM atteic\u0101s to dar\u012bt, jo t\u0101 b\u016btu l\u012bdzek\u013cu iz\u0161\u0137\u0113rd\u0113\u0161ana. Evikas Sili\u0146as (JV) vad\u012bt\u0101 vald\u012bba kokr\u016bpniekiem labv\u0113l\u012bgo l\u0113mumu pie\u0146\u0113ma, neskatoties uz to, ka iepriek\u0161\u0113jos gados kokr\u016bpnieku nozare bija guvusi rekordlielu pe\u013c\u0146u.<\/p>\n<p>&#8220;Nek\u0101 person\u012bga&#8221; min, ka 2023. gad\u0101 liel\u0101kie kokr\u016bpnieki s\u0101ka celt trauksmi, ka Krievijas kar\u0161 Ukrain\u0101 sabremz\u0113jis b\u016bvniec\u012bbas aktivit\u0101ti re\u0123ion\u0101. T\u0101 ietekm\u0113 samazin\u0101j\u0101s z\u0101\u0123materi\u0101lu noiets un cenas krit\u0101s. Tas visvair\u0101k ietekm\u0113ja lielos eksport\u0113t\u0101jus, kuri LVM izsol\u0113s bija nosol\u012bju\u0161i tr\u012bs gadu skuju koku z\u0101\u0123ba\u013c\u0137u l\u012bgumus par augst\u0101m cen\u0101m. Nozari p\u0101rst\u0101vo\u0161\u0101s asoci\u0101cijas v\u0113rs\u0101s pie LVM, pied\u0101v\u0101jot noteikt &#8220;konkur\u0113tsp\u0113j\u012bgu cenu&#8221;, bet LVM vad\u012bba atteic\u0101s to dar\u012bt, jo tas b\u016btu ne tikai nesaimnieciski, bet ar\u012b pretlikum\u012bgi.<\/p>\n<p>LVM atbildes v\u0113stul\u0113, kuru parakst\u012bjis Putni\u0146\u0161 un p\u0101r\u0113jie valdes locek\u013ci, skaidrots, ka \u0161\u0101ds l\u0113mums miljonos eiro samazin\u0101s LVM ie\u0146\u0113mumus un, t\u0101 r\u012bkojoties, tiks iz\u0161\u0137\u0113rd\u0113ti valsts l\u012bdzek\u013ci. Tas esot j\u0101v\u0113rt\u0113 ar\u012b Eiropas Savien\u012bbas l\u012bguma kontekst\u0101, jo var tikt uzskat\u012bts k\u0101 valsts atbalsts, kas krop\u013co konkurenci.<\/p>\n","protected":false},"excerpt":{"rendered":"TV3 raid\u012bjums &#8220;Nek\u0101 person\u012bga&#8221; sv\u0113tdien, atsaucoties uz raid\u012bjuma r\u012bc\u012bb\u0101 eso\u0161o neofici\u0101lo inform\u0101ciju, v\u0113st\u012bja, ka LVM valdes priek\u0161s\u0113d\u0113t\u0101js Putni\u0146\u0161&hellip;\n","protected":false},"author":2,"featured_media":26699,"comment_status":"","ping_status":"","sticky":false,"template":"","format":"standard","meta":{"footnotes":""},"categories":[5],"tags":[23,28,29,32,33,22,30,31,35,39,38,36,37,34,664,40,20,26,27,24,25,3607,21],"class_list":{"0":"post-26698","1":"post","2":"type-post","3":"status-publish","4":"format-standard","5":"has-post-thumbnail","7":"category-aktualitates","8":"tag-aktualitates","9":"tag-breaking-news","10":"tag-breakingnews","11":"tag-featured-news","12":"tag-featurednews","13":"tag-headlines","14":"tag-latest-news","15":"tag-latestnews","16":"tag-latvia","17":"tag-latvian","18":"tag-latviesu","19":"tag-latviesu-valoda","20":"tag-latviesuvaloda","21":"tag-latvija","22":"tag-latvijas-valsts-mezi","23":"tag-lv","24":"tag-news","25":"tag-popularakas-zinas","26":"tag-popularakaszinas","27":"tag-top-stories","28":"tag-topstories","29":"tag-zemkopibas-ministrija","30":"tag-zinas"},"share_on_mastodon":{"url":"","error":""},"_links":{"self":[{"href":"https:\/\/www.europesays.com\/lv\/wp-json\/wp\/v2\/posts\/26698","targetHints":{"allow":["GET"]}}],"collection":[{"href":"https:\/\/www.europesays.com\/lv\/wp-json\/wp\/v2\/posts"}],"about":[{"href":"https:\/\/www.europesays.com\/lv\/wp-json\/wp\/v2\/types\/post"}],"author":[{"embeddable":true,"href":"https:\/\/www.europesays.com\/lv\/wp-json\/wp\/v2\/users\/2"}],"replies":[{"embeddable":true,"href":"https:\/\/www.europesays.com\/lv\/wp-json\/wp\/v2\/comments?post=26698"}],"version-history":[{"count":0,"href":"https:\/\/www.europesays.com\/lv\/wp-json\/wp\/v2\/posts\/26698\/revisions"}],"wp:featuredmedia":[{"embeddable":true,"href":"https:\/\/www.europesays.com\/lv\/wp-json\/wp\/v2\/media\/26699"}],"wp:attachment":[{"href":"https:\/\/www.europesays.com\/lv\/wp-json\/wp\/v2\/media?parent=26698"}],"wp:term":[{"taxonomy":"category","embeddable":true,"href":"https:\/\/www.europesays.com\/lv\/wp-json\/wp\/v2\/categories?post=26698"},{"taxonomy":"post_tag","embeddable":true,"href":"https:\/\/www.europesays.com\/lv\/wp-json\/wp\/v2\/tags?post=26698"}],"curies":[{"name":"wp","href":"https:\/\/api.w.org\/{rel}","templated":true}]}}