{"id":26702,"date":"2025-10-20T21:05:08","date_gmt":"2025-10-20T21:05:08","guid":{"rendered":"https:\/\/www.europesays.com\/lv\/26702\/"},"modified":"2025-10-20T21:05:08","modified_gmt":"2025-10-20T21:05:08","slug":"pasaules-klases-soprans-marina-rebeka-uzstasies-latvija-oktobri-lente-lv-2","status":"publish","type":"post","link":"https:\/\/www.europesays.com\/lv\/26702\/","title":{"rendered":"Pasaules klases sopr\u0101ns Marina Rebeka uzst\u0101sies Latvij\u0101 oktobr\u012b\u00a0\u2014\u00a0Lente.lv"},"content":{"rendered":"<p>Marina Rebeka atgrie\u017eas Latvij\u0101 ar elpu aizraujo\u0161iem koncertiem<\/p>\n<p>Viens no pasaul\u0113 atz\u012bt\u0101kajiem un talant\u012bg\u0101kajiem Latvijas sopr\u0101niem, Marina Rebeka, priec\u0113 savus klaus\u012bt\u0101jus ar diviem gaid\u0101miem solo koncertiem dzimten\u0113. 16. oktobr\u012b vi\u0146a uzst\u0101sies Vidzemes koncertz\u0101l\u0113 &#8220;C\u0113sis&#8221;, bet 21. oktobr\u012b \u2013 Latvijas Nacion\u0101laj\u0101 oper\u0101 R\u012bg\u0101. \u0160ie uzvedumi notiek godinot izcil\u0101 Latvijas kult\u016bras darbinieka Andreja \u017dagara piemi\u0146u, kura v\u0101rd\u0101 nosauktais koncertu cikls &#8220;Draugi \u2013 Andrejam \u017dagaram&#8221; pulc\u0113 izcilus m\u0101ksliniekus.<\/p>\n<p>Glob\u0101la karjera un dzimt\u0101s zemes aicin\u0101jums<\/p>\n<p>Marina Rebeka ir iekarojusi pasaules presti\u017e\u0101k\u0101s koncertz\u0101les un opernamus, uzst\u0101joties kop\u0101 ar pasaules lab\u0101kajiem diri\u0123entiem un or\u0137estriem. Vi\u0146as starptautisk\u0101 karjera uz\u0146\u0113ma apgriezienus p\u0113c debijas Zalcburgas festiv\u0101l\u0101 2009. gad\u0101 diri\u0123enta Rikardo Muti vad\u012bb\u0101. Kop\u0161 t\u0101 laika vi\u0146as v\u0101rds ir k\u013cuvis par kvalit\u0101tes z\u012bmi operm\u016bzikas pasaul\u0113, nesot Latvijas v\u0101rdu uz pasaules skatuv\u0113m. Neskatoties uz aiz\u0146emto starptautisko grafiku, Rebeka alla\u017e ar prieku atgrie\u017eas Latvij\u0101, lai dal\u012btos sav\u0101 talant\u0101 ar tautie\u0161iem. \u0160ie koncerti ir \u012bpa\u0161i noz\u012bm\u012bgi, jo tie iez\u012bm\u0113 vi\u0146as atgrie\u0161anos uz Latvijas Nacion\u0101l\u0101s operas skatuves p\u0113c se\u0161u gadu p\u0101rtraukuma.<\/p>\n<p>Koncertu programma un muzik\u0101l\u0101 baud\u012bjuma garantija<\/p>\n<p>Programm\u0101 pl\u0101nots izpild\u012bt izcilu komponistu, k\u0101 D\u017euzepes Verdi un D\u017eakomo Pu\u010d\u012bni, ska\u0146darbus. Rebekas interpret\u0101cija, kas paz\u012bstama ar savu neparasto tembru, nevainojamo tehniku un dzi\u013co emocion\u0101lo p\u0101rdz\u012bvojumu, sola klaus\u012bt\u0101jiem neaizmirstamu muzik\u0101lo pieredzi. Koncert\u0101 vi\u0146ai pievienosies Latvijas Nacion\u0101lais simfoniskais or\u0137estris diri\u0123enta Mi\u0137e\u013ca Gambas vad\u012bb\u0101. Gamba ir starptautiski atz\u012bts diri\u0123ents, kura debija Latvijas publikas priek\u0161\u0101 notiks tie\u0161i \u0161ajos koncertos, pie\u0161\u0137irot pas\u0101kumam papildu intrigu un v\u0113rt\u012bbu.<\/p>\n<p>Cikls &#8220;Draugi \u2013 Andrejam \u017dagaram&#8221;: godinot kult\u016bras mantojumu<\/p>\n<p>Koncertu cikls &#8220;Draugi \u2013 Andrejam \u017dagaram&#8221; ir k\u013cuvis par noz\u012bm\u012bgu trad\u012bciju, godinot ilggad\u0113j\u0101 Latvijas Nacion\u0101l\u0101s operas direktora un izcil\u0101 kult\u016bras darbinieka Andreja \u017dagara piemi\u0146u. \u0160is cikls, kas aizs\u0101k\u0101s 2019. gad\u0101, pulc\u0113 kop\u0101 pasaules l\u012bme\u0146a m\u0101ksliniekus, lai saglab\u0101tu un populariz\u0113tu Andreja \u017dagara atst\u0101to kult\u016bras mantojumu. Vi\u0146a v\u012bzija un aizraut\u012bba iedvesmoja daudzus, un \u0161ie koncerti ir apliecin\u0101jums vi\u0146a palieko\u0161ajai ietekmei uz Latvijas kult\u016bras ainavu. Andreja \u017dagara kult\u016bras att\u012bst\u012bbas fonds turpina vi\u0146a ies\u0101kto darbu, atbalstot augstas kvalit\u0101tes kult\u016bras projektus un veicinot jaunu talantu att\u012bst\u012bbu.<\/p>\n<p>Marina Rebeka karjeras virsotnes un n\u0101kotnes pl\u0101ni<\/p>\n<p>Marina Rebeka ir ne tikai viena no piepras\u012bt\u0101kaj\u0101m operdzied\u0101t\u0101j\u0101m pasaul\u0113, bet ar\u012b veiksm\u012bga ierakstu producente, dibinot savu izdevniec\u012bbu &#8220;Prima Classic&#8221;. Vi\u0146as diskogr\u0101fija ietver kriti\u0137u atzin\u012bgi nov\u0113rt\u0113tus albumus un pilnas operu ierakstus. 2024. un 2025. gada sezona bijusi \u012bpa\u0161i spo\u017ea, ar debiju Lidas lom\u0101 Verdi oper\u0101 &#8220;Kauja pie \u013be\u0146\u0101no&#8221; un atgrie\u0161anos &#8220;Teatro San Carlo&#8221;, k\u0101 ar\u012b galvenaj\u0101m lom\u0101m Pu\u010d\u012bni &#8220;Madama Butterfly&#8221; iestud\u0113jumos V\u012bnes Valsts oper\u0101 un C\u012brihes Oper\u0101. Vi\u0146as spo\u017e\u0101 karjera ir k\u0101 apliecin\u0101jums nep\u0101rtrauktai izaugsmei un m\u0101kslinieciskajai izcil\u012bbai, ko vi\u0146a turpin\u0101s demonstr\u0113t ar\u012b savos gaid\u0101majos koncertos Latvij\u0101.<\/p>\n","protected":false},"excerpt":{"rendered":"Marina Rebeka atgrie\u017eas Latvij\u0101 ar elpu aizraujo\u0161iem koncertiem Viens no pasaul\u0113 atz\u012bt\u0101kajiem un talant\u012bg\u0101kajiem Latvijas sopr\u0101niem, Marina Rebeka,&hellip;\n","protected":false},"author":2,"featured_media":26703,"comment_status":"","ping_status":"","sticky":false,"template":"","format":"standard","meta":{"footnotes":""},"categories":[19],"tags":[7892,89,90,2527,3490,35,39,38,36,37,34,2950,40,7288],"class_list":{"0":"post-26702","1":"post","2":"type-post","3":"status-publish","4":"format-standard","5":"has-post-thumbnail","7":"category-izklaide","8":"tag-andrejs-zagars","9":"tag-entertainment","10":"tag-izklaide","11":"tag-klasiska-muzika","12":"tag-koncerti-latvija","13":"tag-latvia","14":"tag-latvian","15":"tag-latviesu","16":"tag-latviesu-valoda","17":"tag-latviesuvaloda","18":"tag-latvija","19":"tag-latvijas-nacionala-opera","20":"tag-lv","21":"tag-marina-rebeka"},"share_on_mastodon":{"url":"","error":""},"_links":{"self":[{"href":"https:\/\/www.europesays.com\/lv\/wp-json\/wp\/v2\/posts\/26702","targetHints":{"allow":["GET"]}}],"collection":[{"href":"https:\/\/www.europesays.com\/lv\/wp-json\/wp\/v2\/posts"}],"about":[{"href":"https:\/\/www.europesays.com\/lv\/wp-json\/wp\/v2\/types\/post"}],"author":[{"embeddable":true,"href":"https:\/\/www.europesays.com\/lv\/wp-json\/wp\/v2\/users\/2"}],"replies":[{"embeddable":true,"href":"https:\/\/www.europesays.com\/lv\/wp-json\/wp\/v2\/comments?post=26702"}],"version-history":[{"count":0,"href":"https:\/\/www.europesays.com\/lv\/wp-json\/wp\/v2\/posts\/26702\/revisions"}],"wp:featuredmedia":[{"embeddable":true,"href":"https:\/\/www.europesays.com\/lv\/wp-json\/wp\/v2\/media\/26703"}],"wp:attachment":[{"href":"https:\/\/www.europesays.com\/lv\/wp-json\/wp\/v2\/media?parent=26702"}],"wp:term":[{"taxonomy":"category","embeddable":true,"href":"https:\/\/www.europesays.com\/lv\/wp-json\/wp\/v2\/categories?post=26702"},{"taxonomy":"post_tag","embeddable":true,"href":"https:\/\/www.europesays.com\/lv\/wp-json\/wp\/v2\/tags?post=26702"}],"curies":[{"name":"wp","href":"https:\/\/api.w.org\/{rel}","templated":true}]}}