{"id":267070,"date":"2026-08-12T00:37:18","date_gmt":"2026-08-12T00:37:18","guid":{"rendered":"https:\/\/www.europesays.com\/lv\/267070\/"},"modified":"2026-08-12T00:37:18","modified_gmt":"2026-08-12T00:37:18","slug":"vairak-neka-4500-apmekletaju-pulce-senioru-ballite-zelta-ritmi","status":"publish","type":"post","link":"https:\/\/www.europesays.com\/lv\/267070\/","title":{"rendered":"Vair\u0101k nek\u0101 4500 apmekl\u0113t\u0101ju pulc\u0113 senioru ball\u012bte \u201cZelta ritmi\u201d"},"content":{"rendered":"<p>\u201cAr smaidu pa dz\u012bvi! Un visus kre\u0146\u0137us vajag laist gar aus\u012bm,\u201d teica seniori.<\/p>\n<p>Jaut\u0101ti par cien\u012bjam\u0101 vecuma priek\u0161roc\u012bb\u0101m, abi nezaud\u0113ja humoru. \u201cM\u0113s varam nestr\u0101d\u0101t, bet algu sa\u0146emt! Kaut ar\u012b to sauc par pensiju,\u201d jokoja kungi.<\/p>\n<p><img decoding=\"async\" class=\"figure__image\" onclick=\"triggerEvent('articleImageClick', { id: 17840922, focus: 'single-image', focusIndex: '17840922' })\" onkeydown=\"if (event.key === 'Enter') {&#10;        triggerEvent('articleImageClick', { id: 17840922, focus: 'single-image', focusIndex: '17840922' })&#10;        }\" role=\"button\" tabindex=\"0\" data-focus-from=\"single-image\" data-focus-index=\"17840922\" src=\"https:\/\/www.europesays.com\/lv\/wp-content\/uploads\/2026\/08\/17840922t1h98a5.jpg\"  onload=\"this.parentElement.classList.remove('figure__image-loading')\" alt=\"\"\/> Foto: publicit\u0101tes<\/p>\n<p>Savuk\u0101rt tiem, kuri v\u0113las saglab\u0101t ener\u0123iju ar\u012b p\u0113c 90 gadu vecuma, vi\u0146u padoms ir vienk\u0101r\u0161s: dzied\u0101t, kust\u0113ties un b\u016bt kop\u0101 ar cilv\u0113kiem.<\/p>\n<p>\u201cJa gribat, lai tas tur aug\u0161\u0101 nesauc pie sevis, tad visu laiku ar kaut ko j\u0101darbojas,\u201d piebilda Alfr\u0113ds Vinters.<\/p>\n<p>Seniori v\u0113las festiv\u0101lu redz\u0113t ar\u012b re\u0123ionos<\/p>\n<p>\u0160ogad no kolekt\u012bviem izskan\u0113ja ar\u012b v\u0113lme festiv\u0101lu atkal vest t\u016br\u0113 pa Latvijas re\u0123ioniem. K\u0101 uzsver Inga Akmenti\u0146a-Smildzi\u0146a, \u012bpa\u0161i pensijas vecum\u0101 \u013coti svar\u012bga ir regul\u0101ra socializ\u0113\u0161an\u0101s, kop\u0101 b\u016b\u0161ana un iesp\u0113ja gaid\u012bt m\u0113\u0123in\u0101jumus, koncertus un satik\u0161an\u0101s br\u012b\u017eus.<\/p>\n<p>P\u0113c pas\u0101kuma organizatori sa\u0146\u0113ma daudz sirsn\u012bgu atsauksmju. Valmieras senioru v\u012bru kora \u201cBaltie b\u0113rzi\u201d vad\u012bt\u0101ja Inga Zirne atzina: \u201cJut\u0101mies gaid\u012bti, loloti un lutin\u0101ti.\u201d Savuk\u0101rt Tukuma Kult\u016bras nama retro deju kopa \u201cValsis\u201d festiv\u0101lu raksturoja k\u0101 gada gaid\u012bt\u0101kos sv\u0113tkus.<\/p>\n<p><img decoding=\"async\" class=\"figure__image\" onclick=\"triggerEvent('articleImageClick', { id: 17840913, focus: 'single-image', focusIndex: '17840913' })\" onkeydown=\"if (event.key === 'Enter') {&#10;        triggerEvent('articleImageClick', { id: 17840913, focus: 'single-image', focusIndex: '17840913' })&#10;        }\" role=\"button\" tabindex=\"0\" data-focus-from=\"single-image\" data-focus-index=\"17840913\" src=\"https:\/\/www.europesays.com\/lv\/wp-content\/uploads\/2026\/08\/17840913t1hdbea.jpg\"  onload=\"this.parentElement.classList.remove('figure__image-loading')\" alt=\"\"\/> Foto: publicit\u0101tes<\/p>\n<p>L\u012bdztekus lielkoncertam pas\u0101kuma apmekl\u0113t\u0101ji var\u0113ja piedal\u012bties vesel\u012bbas un labsaj\u016btas aktivit\u0101t\u0113s, apmekl\u0113t tirdzi\u0146u un za\u013cumballi. N\u0101kamgad festiv\u0101ls svin\u0113s savu desmitgadi, un organizatori sola \u0161o jubileju atz\u012bm\u0113t \u012bpa\u0161i v\u0113rien\u012bgi.<\/p>\n","protected":false},"excerpt":{"rendered":"\u201cAr smaidu pa dz\u012bvi! Un visus kre\u0146\u0137us vajag laist gar aus\u012bm,\u201d teica seniori. Jaut\u0101ti par cien\u012bjam\u0101 vecuma priek\u0161roc\u012bb\u0101m,&hellip;\n","protected":false},"author":2,"featured_media":267071,"comment_status":"","ping_status":"","sticky":false,"template":"","format":"standard","meta":{"footnotes":"","_share_on_mastodon":"0"},"categories":[19],"tags":[63,65,60,89,59,90,70,64,35,39,38,36,37,34,40,68,69,66,67,62,21,61],"class_list":["post-267070","post","type-post","status-publish","format-standard","has-post-thumbnail","category-izklaide","tag-arvalstis","tag-auto","tag-egoiste","tag-entertainment","tag-financenet","tag-izklaide","tag-klik","tag-kultura","tag-latvia","tag-latvian","tag-latviesu","tag-latviesu-valoda","tag-latviesuvaloda","tag-latvija","tag-lv","tag-maja","tag-receptes","tag-sejas","tag-sports","tag-viedokli","tag-zinas","tag-zinatne"],"share_on_mastodon":{"url":"https:\/\/pubeurope.com\/@lv\/117079746395806023","error":""},"_links":{"self":[{"href":"https:\/\/www.europesays.com\/lv\/wp-json\/wp\/v2\/posts\/267070","targetHints":{"allow":["GET"]}}],"collection":[{"href":"https:\/\/www.europesays.com\/lv\/wp-json\/wp\/v2\/posts"}],"about":[{"href":"https:\/\/www.europesays.com\/lv\/wp-json\/wp\/v2\/types\/post"}],"author":[{"embeddable":true,"href":"https:\/\/www.europesays.com\/lv\/wp-json\/wp\/v2\/users\/2"}],"replies":[{"embeddable":true,"href":"https:\/\/www.europesays.com\/lv\/wp-json\/wp\/v2\/comments?post=267070"}],"version-history":[{"count":0,"href":"https:\/\/www.europesays.com\/lv\/wp-json\/wp\/v2\/posts\/267070\/revisions"}],"wp:featuredmedia":[{"embeddable":true,"href":"https:\/\/www.europesays.com\/lv\/wp-json\/wp\/v2\/media\/267071"}],"wp:attachment":[{"href":"https:\/\/www.europesays.com\/lv\/wp-json\/wp\/v2\/media?parent=267070"}],"wp:term":[{"taxonomy":"category","embeddable":true,"href":"https:\/\/www.europesays.com\/lv\/wp-json\/wp\/v2\/categories?post=267070"},{"taxonomy":"post_tag","embeddable":true,"href":"https:\/\/www.europesays.com\/lv\/wp-json\/wp\/v2\/tags?post=267070"}],"curies":[{"name":"wp","href":"https:\/\/api.w.org\/{rel}","templated":true}]}}