{"id":26728,"date":"2025-10-20T21:29:08","date_gmt":"2025-10-20T21:29:08","guid":{"rendered":"https:\/\/www.europesays.com\/lv\/26728\/"},"modified":"2025-10-20T21:29:08","modified_gmt":"2025-10-20T21:29:08","slug":"foto-%e2%9f%a9-atstat-vietu-ari-lasitaja-domam-muzika-girta-koknevica-puskina-ielas-buru-skola","status":"publish","type":"post","link":"https:\/\/www.europesays.com\/lv\/26728\/","title":{"rendered":"FOTO \u27e9 Atst\u0101t vietu ar\u012b las\u012bt\u0101ja dom\u0101m. M\u016bzi\u0137a \u0122irta Kokn\u0113vi\u010da &#8220;Pu\u0161kina ielas buru skola&#8221;"},"content":{"rendered":"<p>&#8220;Ir 1993.gads. Es esmu Atvars, septi\u0146padsmit gadu vecs. Dz\u012bvoju pie desmit gadus vec\u0101k\u0101 br\u0101\u013ca Olivera R\u012bg\u0101, Pu\u0161kina iel\u0101 1, puspagraba dz\u012bvokl\u012b pie Daugavas. Mana mamma Beatrise str\u0101d\u0101 par \u0101rsti Limba\u017eu rajona Katr\u012bnas ciem\u0101 un katru ned\u0113\u013cu dod man desmit latus \u0113\u0161anai, jo m\u0101cos R\u012bgas vidusskol\u0101. S\u0101kum\u0101 vi\u0146a grib\u0113ja, lai es, t\u0101pat k\u0101 jaun\u0101kais br\u0101lis Armands, m\u0101cos Limba\u017eos, bet mani vilka atpaka\u013c uz R\u012bgu.&#8221;<\/p>\n<p>T\u0101 ies\u0101kas gr\u0101mata &#8220;Pu\u0161kina ielas buru skola&#8221; (Dienas Gr\u0101mata, 2025) \u2013 autobiogr\u0101fiskos pieredz\u0113jumos balst\u012bta pieredz\u0113jumu virtene par vienk\u0101r\u0161u cilv\u0113ku vienk\u0101r\u0161u dz\u012bvi, kuru ilustr\u0113jusi m\u0101ksliniece Gunta \u0136\u012brule. Bet, t\u0101 k\u0101 vienk\u0101r\u0161\u012bba m\u0113dz b\u016bt sare\u017e\u0123\u012bt\u012bbas augst\u0101kais punkts, tad jaunizdotaj\u0101 gr\u0101mat\u0101 no ikdienas mot\u012bviem iesp\u0113jams aptvert ar\u012b pla\u0161\u0101kas kopsakar\u012bbas, kuras itin viegli attiecin\u0101mas ar\u012b uz \u0161odienas aktualit\u0101t\u0113m.<\/p>\n","protected":false},"excerpt":{"rendered":"&#8220;Ir 1993.gads. Es esmu Atvars, septi\u0146padsmit gadu vecs. Dz\u012bvoju pie desmit gadus vec\u0101k\u0101 br\u0101\u013ca Olivera R\u012bg\u0101, Pu\u0161kina iel\u0101&hellip;\n","protected":false},"author":2,"featured_media":26729,"comment_status":"","ping_status":"","sticky":false,"template":"","format":"standard","meta":{"footnotes":""},"categories":[19],"tags":[8323,89,90,35,39,38,36,37,34,1224,2123,40],"class_list":{"0":"post-26728","1":"post","2":"type-post","3":"status-publish","4":"format-standard","5":"has-post-thumbnail","7":"category-izklaide","8":"tag-dienas-gramata","9":"tag-entertainment","10":"tag-izklaide","11":"tag-latvia","12":"tag-latvian","13":"tag-latviesu","14":"tag-latviesu-valoda","15":"tag-latviesuvaloda","16":"tag-latvija","17":"tag-latvijas-kulturas-akademija","18":"tag-latvijas-lellu-teatris","19":"tag-lv"},"share_on_mastodon":{"url":"","error":""},"_links":{"self":[{"href":"https:\/\/www.europesays.com\/lv\/wp-json\/wp\/v2\/posts\/26728","targetHints":{"allow":["GET"]}}],"collection":[{"href":"https:\/\/www.europesays.com\/lv\/wp-json\/wp\/v2\/posts"}],"about":[{"href":"https:\/\/www.europesays.com\/lv\/wp-json\/wp\/v2\/types\/post"}],"author":[{"embeddable":true,"href":"https:\/\/www.europesays.com\/lv\/wp-json\/wp\/v2\/users\/2"}],"replies":[{"embeddable":true,"href":"https:\/\/www.europesays.com\/lv\/wp-json\/wp\/v2\/comments?post=26728"}],"version-history":[{"count":0,"href":"https:\/\/www.europesays.com\/lv\/wp-json\/wp\/v2\/posts\/26728\/revisions"}],"wp:featuredmedia":[{"embeddable":true,"href":"https:\/\/www.europesays.com\/lv\/wp-json\/wp\/v2\/media\/26729"}],"wp:attachment":[{"href":"https:\/\/www.europesays.com\/lv\/wp-json\/wp\/v2\/media?parent=26728"}],"wp:term":[{"taxonomy":"category","embeddable":true,"href":"https:\/\/www.europesays.com\/lv\/wp-json\/wp\/v2\/categories?post=26728"},{"taxonomy":"post_tag","embeddable":true,"href":"https:\/\/www.europesays.com\/lv\/wp-json\/wp\/v2\/tags?post=26728"}],"curies":[{"name":"wp","href":"https:\/\/api.w.org\/{rel}","templated":true}]}}