{"id":267630,"date":"2026-08-12T14:32:14","date_gmt":"2026-08-12T14:32:14","guid":{"rendered":"https:\/\/www.europesays.com\/lv\/267630\/"},"modified":"2026-08-12T14:32:14","modified_gmt":"2026-08-12T14:32:14","slug":"sovakar-gaidams-saules-aptumsums-cilveki-stav-garas-rindas-lai-iegadatos-brilles-paradibas-verosanai","status":"publish","type":"post","link":"https:\/\/www.europesays.com\/lv\/267630\/","title":{"rendered":"\u0160ovakar gaid\u0101ms Saules aptumsums: cilv\u0113ki st\u0101v gar\u0101s rind\u0101s, lai ieg\u0101d\u0101tos brilles par\u0101d\u012bbas v\u0113ro\u0161anai"},"content":{"rendered":"<p>T\u0101, piem\u0113ram, k\u0101d\u0101 veikal\u0101 Gan\u012bbu damb\u012b rind\u0101 st\u0101v vair\u0101ki desmiti cilv\u0113ku.<\/p>\n<p><img decoding=\"async\" class=\"figure__image\" onclick=\"triggerEvent('articleImageClick', { id: 17842610, focus: 'single-image', focusIndex: '17842610' })\" onkeydown=\"if (event.key === 'Enter') {&#10;        triggerEvent('articleImageClick', { id: 17842610, focus: 'single-image', focusIndex: '17842610' })&#10;        }\" role=\"button\" tabindex=\"0\" data-focus-from=\"single-image\" data-focus-index=\"17842610\" src=\"https:\/\/www.europesays.com\/lv\/wp-content\/uploads\/2026\/08\/17842610t1h5b80.jpg\"  onload=\"this.parentElement.classList.remove('figure__image-loading')\" alt=\"\"\/> Foto: TVNET<\/p>\n<p>Astronomi gaid\u0101mo da\u013c\u0113jo aptumsumu raksturo k\u0101 vienu no iespaid\u012bg\u0101kajiem p\u0113d\u0113jo gadu laik\u0101, jo maksim\u0101laj\u0101 br\u012bd\u012b M\u0113ness aizsegs l\u012bdz \u010detr\u0101m piektda\u013c\u0101m Saules diametra.<\/p>\n<p>R\u012bg\u0101 <a href=\"https:\/\/www.tvnet.lv\/term\/613311\/aptumsums\" class=\"topicLink\" target=\"_blank\" rel=\"nofollow noopener\">aptumsums<\/a> s\u0101ksies plkst. 20.06, maksim\u0101lo f\u0101zi sasniegs plkst. 20.57, bet plkst. 21.11 da\u013c\u0113ji aptum\u0161ot\u0101 Saule noriet\u0113s. Citviet Latvij\u0101 saulrieta laiks at\u0161\u0137irsies, t\u0101p\u0113c at\u0161\u0137irsies ar\u012b aptumsuma norise. Austrumu da\u013c\u0101 maksim\u0101l\u0101 f\u0101ze sakrit\u012bs ar saulrietu, bet valsts rietumos starp maksim\u0101lo f\u0101zi un saulrietu b\u016bs aptuveni 20 min\u016b\u0161u starp\u012bba.<\/p>\n<blockquote class=\"twitter-tweet\">\n<p lang=\"lv\" dir=\"ltr\">\u2600 \u0160ovakar Latvij\u0101 b\u016bs v\u0113rojams da\u013c\u0113js <a href=\"https:\/\/www.tvnet.lv\/term\/680546\/saules-aptumsums\" class=\"topicLink\" target=\"_blank\" rel=\"nofollow noopener\">Saules aptumsums<\/a>.<br \/>K\u0101 redzams anim\u0101cij\u0101, viet\u0101m valsts austrumos skatu var aizsegt m\u0101ko\u0146i.<\/p>\n<p>\ud83d\udcf7Att\u0113ls &#8211; satell\u012btatt\u0113ls 12.08. plkst. 13:20.<br \/>\ud83c\udfa5Anim\u0101cija &#8211; prognoze m\u0101ko\u0146u daudzumam 12.08. no plkst. 19:00 l\u012bdz 23:00. <a href=\"https:\/\/t.co\/XQqjC7EGUz\" rel=\"nofollow\">pic.twitter.com\/XQqjC7EGUz<\/a><\/p>\n<p>\u2014 Meteo.lv (@LVGMC_Meteo) <a href=\"https:\/\/x.com\/LVGMC_Meteo\/status\/2087497657304445130?ref_src=twsrc%5Etfw\" rel=\"nofollow\">August 12, 2026<\/a><\/p><\/blockquote>\n<p>Da\u013c\u0113js Saules aptumsums b\u016bs redzams vis\u0101 Eirop\u0101, savuk\u0101rt \u0161aur\u0101 josl\u0101 Sp\u0101nij\u0101 un Island\u0113 tas b\u016bs nov\u0113rojams k\u0101 pilns Saules aptumsums. Latvij\u0101 pilns Saules aptumsums p\u0113d\u0113jo reizi bija redzams 1954. gad\u0101, bet n\u0101kamais gaid\u0101ms tikai 2142. gad\u0101.<\/p>\n<p>Astronomijas biedr\u012bba aicina nov\u0113ro\u0161anai izv\u0113l\u0113ties vietu ar labu skatu uz rietumu horizontu un atg\u0101dina par dro\u0161\u012bbu. Uz Sauli nedr\u012bkst skat\u012bties ar neapbru\u0146otu aci vai optisk\u0101m ier\u012bc\u0113m bez speci\u0101liem Saules filtriem, jo tas var rad\u012bt neatgriezeniskus redzes boj\u0101jumus. Visdro\u0161\u0101k ir izmantot sertific\u0113tus filtrus vai Saules att\u0113lu projic\u0113t uz ekr\u0101na.<\/p>\n<p><script async src=\"https:\/\/platform.twitter.com\/widgets.js\" charset=\"utf-8\"><\/script><\/p>\n","protected":false},"excerpt":{"rendered":"T\u0101, piem\u0113ram, k\u0101d\u0101 veikal\u0101 Gan\u012bbu damb\u012b rind\u0101 st\u0101v vair\u0101ki desmiti cilv\u0113ku. Foto: TVNET Astronomi gaid\u0101mo da\u013c\u0113jo aptumsumu raksturo&hellip;\n","protected":false},"author":2,"featured_media":267631,"comment_status":"","ping_status":"","sticky":false,"template":"","format":"standard","meta":{"footnotes":"","_share_on_mastodon":"0"},"categories":[12],"tags":[23,22056,28,29,32,33,22,30,31,35,39,38,36,37,34,40,20,26,27,22055,24,25,21],"class_list":["post-267630","post","type-post","status-publish","format-standard","has-post-thumbnail","category-latvija","tag-aktualitates","tag-aptumsums","tag-breaking-news","tag-breakingnews","tag-featured-news","tag-featurednews","tag-headlines","tag-latest-news","tag-latestnews","tag-latvia","tag-latvian","tag-latviesu","tag-latviesu-valoda","tag-latviesuvaloda","tag-latvija","tag-lv","tag-news","tag-popularakas-zinas","tag-popularakaszinas","tag-saules-aptumsums","tag-top-stories","tag-topstories","tag-zinas"],"share_on_mastodon":{"url":"https:\/\/pubeurope.com\/@lv\/117083029355527229","error":""},"_links":{"self":[{"href":"https:\/\/www.europesays.com\/lv\/wp-json\/wp\/v2\/posts\/267630","targetHints":{"allow":["GET"]}}],"collection":[{"href":"https:\/\/www.europesays.com\/lv\/wp-json\/wp\/v2\/posts"}],"about":[{"href":"https:\/\/www.europesays.com\/lv\/wp-json\/wp\/v2\/types\/post"}],"author":[{"embeddable":true,"href":"https:\/\/www.europesays.com\/lv\/wp-json\/wp\/v2\/users\/2"}],"replies":[{"embeddable":true,"href":"https:\/\/www.europesays.com\/lv\/wp-json\/wp\/v2\/comments?post=267630"}],"version-history":[{"count":0,"href":"https:\/\/www.europesays.com\/lv\/wp-json\/wp\/v2\/posts\/267630\/revisions"}],"wp:featuredmedia":[{"embeddable":true,"href":"https:\/\/www.europesays.com\/lv\/wp-json\/wp\/v2\/media\/267631"}],"wp:attachment":[{"href":"https:\/\/www.europesays.com\/lv\/wp-json\/wp\/v2\/media?parent=267630"}],"wp:term":[{"taxonomy":"category","embeddable":true,"href":"https:\/\/www.europesays.com\/lv\/wp-json\/wp\/v2\/categories?post=267630"},{"taxonomy":"post_tag","embeddable":true,"href":"https:\/\/www.europesays.com\/lv\/wp-json\/wp\/v2\/tags?post=267630"}],"curies":[{"name":"wp","href":"https:\/\/api.w.org\/{rel}","templated":true}]}}