{"id":267674,"date":"2026-08-12T16:02:12","date_gmt":"2026-08-12T16:02:12","guid":{"rendered":"https:\/\/www.europesays.com\/lv\/267674\/"},"modified":"2026-08-12T16:02:12","modified_gmt":"2026-08-12T16:02:12","slug":"aizbegusais-bijusais-polijas-tieslietu-ministra-vietnieks-patveries-pardnestra","status":"publish","type":"post","link":"https:\/\/www.europesays.com\/lv\/267674\/","title":{"rendered":"Aizb\u0113gu\u0161ais biju\u0161ais Polijas tieslietu ministra vietnieks patv\u0113ries P\u0101rd\u0146estr\u0101"},"content":{"rendered":"<p>Opoz\u012bcijas partijas &#8220;Likums un taisn\u012bgums&#8221; (PiS) politi\u0137is, kas aps\u016bdz\u0113ts Taisn\u012bguma fonda liet\u0101, v\u0113stules Var\u0161avas apgabaltiesai s\u016bt\u012bjis no Tiraspoles, noskaidrojis medijs.<\/p>\n<p>Romanovskis v\u0113rsies ties\u0101 ar l\u016bgumu izsniegt t\u0101 d\u0113v\u0113to dro\u0161\u012bbas v\u0113stuli, kas t\u0101s \u012bpa\u0161niekam garant\u0113 personisko neaizskaram\u012bbu.<\/p>\n<p>Politi\u0137is ap\u0146\u0113mies person\u012bgi ierasties Var\u0161avas apgabalties\u0101 un Polijas ties\u012bbsarg\u0101jo\u0161aj\u0101s iest\u0101d\u0113s ar nosac\u012bjumu, ka vi\u0146\u0161 procesa laik\u0101 netiks apcietin\u0101ts.<\/p>\n<p>Dokument\u0101 ir nor\u0101d\u012bta vi\u0146a adrese Pied\u0146estr\u0101,Tiraspol\u0113.<\/p>\n<p>Romanovskis ir viens no galvenajiem aps\u016bdz\u0113tajiem Taisn\u012bguma fonda liet\u0101 l\u012bdz\u0101s biju\u0161ajam tieslietu ministram Zbig\u0146evam Zjobro.<\/p>\n<blockquote class=\"quote ck-widget\" contenteditable=\"false\">\n<p>Jau pusotru gadu vi\u0146\u0161 no Polijas likuma varas sl\u0113pjas \u0101rzem\u0113s.<\/p>\n<\/blockquote>\n<p>Romanovskis un Zjobro s\u0101kotn\u0113ji bija apmetu\u0161ies Ung\u0101rij\u0101. Zjobro v\u0113l\u0101k dev\u0101s uz ASV, bet Romanovskis bija redz\u0113ts Serbij\u0101 un Horv\u0101tij\u0101.<\/p>\n<blockquote class=\"quote ck-widget\" contenteditable=\"false\">\n<p>Romanovskis ar\u012b \u0161obr\u012bd ir parlamenta deput\u0101ts. Tiesa, parlamenta darb\u0101 vi\u0146\u0161 nepiedal\u0101s, un deput\u0101ta imunit\u0101te vi\u0146am ir at\u0146emta.<\/p>\n<\/blockquote>\n<p>Romanovskis savulaik p\u0101rraudz\u012bja Taisn\u012bguma fondu, kas bija izveidots, lai sniegtu pal\u012bdz\u012bbu noziedz\u012bbas upuriem.<\/p>\n<p>Tom\u0113r saska\u0146\u0101 ar Polijas mediju zi\u0146\u0101m un biju\u0161\u0101 fonda direktora apgalvojumiem miljoniem eiro v\u0113rtas summas tika novirz\u012btas projektiem, kas, k\u0101 cer\u0113ja Zjobro, nestu politisku labumu vi\u0146a partijai &#8220;Suver\u0113n\u0101 <a href=\"https:\/\/www.tvnet.lv\/term\/555430\/polija\" class=\"topicLink\" target=\"_blank\" rel=\"nofollow noopener\">Polija<\/a>&#8220;, kas bija saist\u012bta ar PiS.<\/p>\n","protected":false},"excerpt":{"rendered":"Opoz\u012bcijas partijas &#8220;Likums un taisn\u012bgums&#8221; (PiS) politi\u0137is, kas aps\u016bdz\u0113ts Taisn\u012bguma fonda liet\u0101, v\u0113stules Var\u0161avas apgabaltiesai s\u016bt\u012bjis no Tiraspoles,&hellip;\n","protected":false},"author":2,"featured_media":267675,"comment_status":"","ping_status":"","sticky":false,"template":"","format":"standard","meta":{"footnotes":"","_share_on_mastodon":"0"},"categories":[14],"tags":[23,57,28,29,32,33,22,30,31,35,39,38,36,37,34,40,1453,20,15363,72,26,27,24,25,54,55,56,21,58],"class_list":["post-267674","post","type-post","status-publish","format-standard","has-post-thumbnail","category-zinas-no-arvalstim","tag-aktualitates","tag-arvalstim","tag-breaking-news","tag-breakingnews","tag-featured-news","tag-featurednews","tag-headlines","tag-latest-news","tag-latestnews","tag-latvia","tag-latvian","tag-latviesu","tag-latviesu-valoda","tag-latviesuvaloda","tag-latvija","tag-lv","tag-moldova","tag-news","tag-piednestra","tag-polija","tag-popularakas-zinas","tag-popularakaszinas","tag-top-stories","tag-topstories","tag-world","tag-world-news","tag-worldnews","tag-zinas","tag-zinas-no-arvalstim"],"share_on_mastodon":{"url":"https:\/\/pubeurope.com\/@lv\/117083382920538366","error":""},"_links":{"self":[{"href":"https:\/\/www.europesays.com\/lv\/wp-json\/wp\/v2\/posts\/267674","targetHints":{"allow":["GET"]}}],"collection":[{"href":"https:\/\/www.europesays.com\/lv\/wp-json\/wp\/v2\/posts"}],"about":[{"href":"https:\/\/www.europesays.com\/lv\/wp-json\/wp\/v2\/types\/post"}],"author":[{"embeddable":true,"href":"https:\/\/www.europesays.com\/lv\/wp-json\/wp\/v2\/users\/2"}],"replies":[{"embeddable":true,"href":"https:\/\/www.europesays.com\/lv\/wp-json\/wp\/v2\/comments?post=267674"}],"version-history":[{"count":0,"href":"https:\/\/www.europesays.com\/lv\/wp-json\/wp\/v2\/posts\/267674\/revisions"}],"wp:featuredmedia":[{"embeddable":true,"href":"https:\/\/www.europesays.com\/lv\/wp-json\/wp\/v2\/media\/267675"}],"wp:attachment":[{"href":"https:\/\/www.europesays.com\/lv\/wp-json\/wp\/v2\/media?parent=267674"}],"wp:term":[{"taxonomy":"category","embeddable":true,"href":"https:\/\/www.europesays.com\/lv\/wp-json\/wp\/v2\/categories?post=267674"},{"taxonomy":"post_tag","embeddable":true,"href":"https:\/\/www.europesays.com\/lv\/wp-json\/wp\/v2\/tags?post=267674"}],"curies":[{"name":"wp","href":"https:\/\/api.w.org\/{rel}","templated":true}]}}