{"id":26776,"date":"2025-10-21T00:58:11","date_gmt":"2025-10-21T00:58:11","guid":{"rendered":"https:\/\/www.europesays.com\/lv\/26776\/"},"modified":"2025-10-21T00:58:11","modified_gmt":"2025-10-21T00:58:11","slug":"igaunijas-pasvaldibu-velesanas-aktivitate-provizoriski-bijusi-593","status":"publish","type":"post","link":"https:\/\/www.europesays.com\/lv\/26776\/","title":{"rendered":"Igaunijas pa\u0161vald\u012bbu v\u0113l\u0113\u0161an\u0101s aktivit\u0101te provizoriski bijusi 59,3%"},"content":{"rendered":"<p>Igaunijas pa\u0161vald\u012bbu v\u0113l\u0113\u0161an\u0101s, kas nosl\u0113dz\u0101s sv\u0113tdien, piedal\u012bj\u0101s 59,3% balssties\u012bgo, liecina provizoriskie dati.<\/p>\n<p>Kopum\u0101 nobalsoja 595 257 v\u0113l\u0113t\u0101ji. No tiem 323 051 nobalsoja ar pap\u012bra bi\u013ceteniem un 272 206 izmantoja elektronisko balso\u0161anu. V\u0113l\u0113\u0161anu dien\u0101 sv\u0113tdien var\u0113ja balsot tikai ar pap\u012bra bi\u013ceteniem, bet iepriek\u0161\u0113j\u0101 balso\u0161an\u0101 no pirmdienas l\u012bdz sestdienai var\u0113ja balsot gan ar pap\u012bra bi\u013ceteniem, gan elektroniski.<\/p>\n<p>Saska\u0146\u0101 ar provizoriskajiem datiem visaugst\u0101k\u0101 v\u0113l\u0113t\u0101ju aktivit\u0101te tika re\u0123istr\u0113ta L\u0113nes apri\u0146\u0137\u012b, kur v\u0113l\u0113\u0161an\u0101s piedal\u012bj\u0101s 63,8% balssties\u012bgo.<\/p>\n<p>Tallin\u0101 aktivit\u0101te bija 60,7%.<\/p>\n<p>Iecirk\u0146i ir sl\u0113gti, notiek balsu skait\u012b\u0161ana.<\/p>\n<p>Jau zi\u0146ots, ka iepriek\u0161\u0113j\u0101 balso\u0161an\u0101 vis\u0101 Igaunij\u0101 savu izv\u0113li izdar\u012bja 43,3% balssties\u012bgo.<\/p>\n<p>Augst\u0101ka v\u0113l\u0113t\u0101ju aktivit\u0101te Igaunijas pa\u0161vald\u012bbu v\u0113l\u0113\u0161an\u0101s tika sasniegta tikai 2009. gad\u0101, kad nobalsoja 60,6% balssties\u012bgo. Iepriek\u0161\u0113j\u0101s pa\u0161vald\u012bbu v\u0113l\u0113\u0161an\u0101s, kas Igaunij\u0101 notika 2021. gad\u0101, v\u0113l\u0113t\u0101ju aktivit\u0101te bija 54,8%.<\/p>\n<p>Pa\u0161vald\u012bbu v\u0113l\u0113\u0161an\u0101s Igaunij\u0101 var balsot no 16 gadu vecuma. Balssties\u012bbas \u0161aj\u0101s v\u0113l\u0113\u0161an\u0101s bija Igaunijas pilso\u0146iem un nepilso\u0146iem, k\u0101 ar\u012b Igaunij\u0101 past\u0101v\u012bgi dz\u012bvojo\u0161ajiem citu Eiropas Savien\u012bbas dal\u012bbvalstu pilso\u0146iem. No \u0161\u0101 gada Igaunij\u0101 past\u0101v\u012bgi dz\u012bvojo\u0161ie tre\u0161o valstu pilso\u0146i, vi\u0146u v\u012bd\u016b ar\u012b Krievijas un Baltkrievijas pilso\u0146i, vairs nevar balsot pa\u0161vald\u012bbu v\u0113l\u0113\u0161an\u0101s. Turkl\u0101t \u0161\u012bs bija p\u0113d\u0113j\u0101s pa\u0161vald\u012bbu v\u0113l\u0113\u0161anas, kur\u0101s var\u0113ja balsot Igaunijas nepilso\u0146i.<\/p>\n<p>Tallin\u0101 uzvar\u0113jusi Centra partija, liecina Centr\u0101l\u0101s v\u0113l\u0113\u0161anu komisijas publiskotie rezult\u0101ti.<\/p>\n<p>Tallinas pils\u0113tas sapulc\u0113, kur\u0101 ir 79 deput\u0101tu vietas, Centra partija ieguvusi 37 mand\u0101tus. T\u0101d\u0113j\u0101di t\u0101 nav ieguvusi vair\u0101kumam nepiecie\u0161amos 40 mand\u0101tus, un tas var apgr\u016btin\u0101t partijas atgrie\u0161anos pie varas, jo potenci\u0101lie koal\u012bcijas partneri &#8211; lab\u0113ji populistisk\u0101 Konservat\u012bv\u0101 tautas partija (EKRE) &#8211; nav iek\u013cuvusi Tallinas pa\u0161vald\u012bb\u0101.<\/p>\n<p>Otraj\u0101 viet\u0101 ierindojusies pa\u0161reiz\u0113j\u0101 m\u0113ra Jevge\u0146ija Osinovska p\u0101rst\u0101v\u0113t\u0101 Soci\u0101ldemokr\u0101tisk\u0101 partija, kas ieguvusi 17 mand\u0101tus.<\/p>\n<p>Soci\u0101ldemokr\u0101tu koal\u012bcijas partneri nacion\u0101lkonservat\u012bvo partiju &#8220;T\u0113vzeme&#8221; jaunaj\u0101 Tallinas pils\u0113tas sapulces sasaukum\u0101 p\u0101rst\u0101v\u0113s 11 deput\u0101ti. L\u012bdz\u0161in\u0113j\u0101s valdo\u0161\u0101s koal\u012bcijas tre\u0161\u0101 partnere &#8211; liber\u0101l\u0101 partija &#8220;Igaunija 200&#8221; &#8211; jaunaj\u0101 pa\u0161vald\u012bbas saukum\u0101 nav iek\u013cuvusi.<\/p>\n<p>Liber\u0101l\u0101 Reformu partija, kas no pag\u0101ju\u0161\u0101 gada pavasarim l\u012bdz \u0161\u0101 gada vasarai bija Tallinas valdo\u0161aj\u0101 koal\u012bcij\u0101, jaunaj\u0101 sasaukum\u0101 ieguvusi asto\u0146us deput\u0101tu mand\u0101tus.<\/p>\n<p>Savuk\u0101rt partija &#8220;Lab\u0113jie&#8221; ieguvusi se\u0161us mand\u0101tus galvaspils\u0113tas pa\u0161vald\u012bb\u0101.<\/p>\n<p>Osinovski, kur\u0161 par Tallinas m\u0113ru tika iev\u0113l\u0113ts p\u0113rn apr\u012bl\u012b p\u0113c iepriek\u0161\u0113j\u0101 m\u0113ra &#8211; Centra partijas l\u012bdera Mihaila Kelvarta &#8211; g\u0101\u0161anas, atbalst\u012bju\u0161i 3390 v\u0113l\u0113t\u0101ju, kam\u0113r Kelvarts sa\u0146\u0113mis 26 531 balsi.<\/p>\n<p>Soci\u0101ldemokr\u0101tisk\u0101 partija, Reformu partija, &#8220;T\u0113vzeme&#8221; un &#8220;Igaunija 200&#8221; p\u0113rn pavasar\u012b parakst\u012bja vieno\u0161anos par jaunu valdo\u0161o koal\u012bciju Tallinas pa\u0161vald\u012bb\u0101, t\u0101 k\u0101 bija izjukusi iepriek\u0161\u0113j\u0101 valdo\u0161\u0101 koal\u012bcija, ko veidoja kreisi centrisk\u0101 Centra partija un Soci\u0101ldemokr\u0101tisk\u0101 partija, jo to atst\u0101ja soci\u0101ldemokr\u0101ti.<\/p>\n<p>Neuztic\u012bbas izteik\u0161ana Kelvartam noz\u012bm\u0113ja, ka beidzas Centra partijas 20 gadu domin\u0113\u0161ana Tallinas pa\u0161vald\u012bb\u0101. Centra partijas un soci\u0101ldemokr\u0101tu koal\u012bcija tika izveidota p\u0113c pa\u0161vald\u012bbu v\u0113l\u0113\u0161an\u0101m 2021. gad\u0101.<\/p>\n<p>V\u0113l\u0113t\u0101ju aktivit\u0101te Tallin\u0101 bija 60,5%.<\/p>\n","protected":false},"excerpt":{"rendered":"Igaunijas pa\u0161vald\u012bbu v\u0113l\u0113\u0161an\u0101s, kas nosl\u0113dz\u0101s sv\u0113tdien, piedal\u012bj\u0101s 59,3% balssties\u012bgo, liecina provizoriskie dati. Kopum\u0101 nobalsoja 595 257 v\u0113l\u0113t\u0101ji. No&hellip;\n","protected":false},"author":2,"featured_media":26777,"comment_status":"","ping_status":"","sticky":false,"template":"","format":"standard","meta":{"footnotes":""},"categories":[5],"tags":[129,6114,23,28,29,32,33,22,30,31,35,39,38,36,37,34,40,20,26,27,6115,6116,24,25,21],"class_list":{"0":"post-26776","1":"post","2":"type-post","3":"status-publish","4":"format-standard","5":"has-post-thumbnail","7":"category-aktualitates","8":"tag-__typenameadvicekeyword","9":"tag-id810","10":"tag-aktualitates","11":"tag-breaking-news","12":"tag-breakingnews","13":"tag-featured-news","14":"tag-featurednews","15":"tag-headlines","16":"tag-latest-news","17":"tag-latestnews","18":"tag-latvia","19":"tag-latvian","20":"tag-latviesu","21":"tag-latviesu-valoda","22":"tag-latviesuvaloda","23":"tag-latvija","24":"tag-lv","25":"tag-news","26":"tag-popularakas-zinas","27":"tag-popularakaszinas","28":"tag-slugigaunija","29":"tag-titleigaunija","30":"tag-top-stories","31":"tag-topstories","32":"tag-zinas"},"share_on_mastodon":{"url":"","error":""},"_links":{"self":[{"href":"https:\/\/www.europesays.com\/lv\/wp-json\/wp\/v2\/posts\/26776","targetHints":{"allow":["GET"]}}],"collection":[{"href":"https:\/\/www.europesays.com\/lv\/wp-json\/wp\/v2\/posts"}],"about":[{"href":"https:\/\/www.europesays.com\/lv\/wp-json\/wp\/v2\/types\/post"}],"author":[{"embeddable":true,"href":"https:\/\/www.europesays.com\/lv\/wp-json\/wp\/v2\/users\/2"}],"replies":[{"embeddable":true,"href":"https:\/\/www.europesays.com\/lv\/wp-json\/wp\/v2\/comments?post=26776"}],"version-history":[{"count":0,"href":"https:\/\/www.europesays.com\/lv\/wp-json\/wp\/v2\/posts\/26776\/revisions"}],"wp:featuredmedia":[{"embeddable":true,"href":"https:\/\/www.europesays.com\/lv\/wp-json\/wp\/v2\/media\/26777"}],"wp:attachment":[{"href":"https:\/\/www.europesays.com\/lv\/wp-json\/wp\/v2\/media?parent=26776"}],"wp:term":[{"taxonomy":"category","embeddable":true,"href":"https:\/\/www.europesays.com\/lv\/wp-json\/wp\/v2\/categories?post=26776"},{"taxonomy":"post_tag","embeddable":true,"href":"https:\/\/www.europesays.com\/lv\/wp-json\/wp\/v2\/tags?post=26776"}],"curies":[{"name":"wp","href":"https:\/\/api.w.org\/{rel}","templated":true}]}}