{"id":26820,"date":"2025-10-21T04:02:05","date_gmt":"2025-10-21T04:02:05","guid":{"rendered":"https:\/\/www.europesays.com\/lv\/26820\/"},"modified":"2025-10-21T04:02:05","modified_gmt":"2025-10-21T04:02:05","slug":"lai-noklutu-ungarija-putins-varetu-lidot-par-bulgariju-apollo-lv","status":"publish","type":"post","link":"https:\/\/www.europesays.com\/lv\/26820\/","title":{"rendered":"Lai nok\u013c\u016btu Ung\u0101rij\u0101, Putins var\u0113tu lidot p\u0101r Bulg\u0101riju &#8211; Apollo.lv"},"content":{"rendered":"<ol>\n<li><a href=\"https:\/\/news.google.com\/rss\/articles\/CBMijAFBVV95cUxPcHBiSUlyRWJiWkZaUHN4Nm1udmxiS2hQWmR0bEc4Tkx0OGpveFlSRkRMV3pYTHhZQ2dUVDdIYjZwbmRIdDR1ZjdscmxDcDJkazZrSlBPdXQ4NjVUeXlwc3ZENWxaSmZRVmJyRHQ0dXNXeXhHSTRibUE0UmRVb3VlNHp6LTZGZ3NjUkJSUQ?oc=5\" target=\"_blank\" rel=\"nofollow noopener\">Lai nok\u013c\u016btu Ung\u0101rij\u0101, Putins var\u0113tu lidot p\u0101r Bulg\u0101riju<\/a>&nbsp;&nbsp;Apollo.lv<\/li>\n<li><a href=\"https:\/\/news.google.com\/rss\/articles\/CBMi9AFBVV95cUxPXy05Tk5FNWlTRWFoN3JYaGlfV1NrM2Vwb1hvc3ljcW5rVl9iam5MX29KXy00ZXhHeWRERFR6cXJaOUNJdFVYd1EzbW1SaDBmVHFCQWFUQVFObXU0dFZIRUpRdlp3aENlN0Vuc2FNUzhONTc5eHFpNnhWbmpVTzBzUmZ6ZDAweDdJYzEwZ2h3ak5rTDlJMFZrWVJCV0Rna3RzR290ckZwRW1UZzkwMW1EeEdvdy1QSkw2RGtDZzY4ekhKZG5uR3ZVb182T2w1Vi1pWjVMTm5zblBIdjZpRk12dDBrcG9Da0lDQkFuNUQycWExbXly?oc=5\" target=\"_blank\" rel=\"nofollow noopener\">Vai Putina lidma\u0161\u012bnu k\u0101ds uzdr\u012bkst\u0113sies aiztur\u0113t? Eksperti par iesp\u0113jamo p\u0101rtver\u0161anu ce\u013c\u0101 uz Ung\u0101riju<\/a>&nbsp;&nbsp;Delfi<\/li>\n<li><a href=\"https:\/\/news.google.com\/rss\/articles\/CBMilAFBVV95cUxPYzFCbFFTWGFjeklEdWhhd085ampuRVBSQUZpeGNVUzJGVDdLVTU2OGZFUlV5elpDWnZ0ZDh6bTcwbjFRdE90dkwyb3ltVHZjOVRCRlJWelVySEdWbXljLVdCSkQzajR0Yml0Z2txS0VnYTc4YWVvUWxzMmpjZHNsWXFNYVJDTlg4QmVhdzA5VC03NkVu?oc=5\" target=\"_blank\" rel=\"nofollow noopener\">\u201cTramps ir atradis Putina v\u0101jo vietu.\u201d Solis, kas izrais\u012bja hist\u0113riju Kreml\u012b<\/a>&nbsp;&nbsp;LA.LV<\/li>\n<li><a href=\"https:\/\/news.google.com\/rss\/articles\/CBMirAFBVV95cUxOekpBN2tSZmVRcHZBQTdoNTJpOTJMd0hKREZHYjBvMFpGRUxfSV9VQkdmblF6S19pZG5xbzI0YXZOZFh2Y2hpcENDRU9xanFzMG1jT0lCN1ZpVHg5NzJYWF9YdkR5RWp2a2dDN2pJNVZKRTVIRWpjbVMtLV9ldUdjeFpaRWtCVzJrU19zMk8zQ3gtTWc4ZGdpQnlsNTNTUHFDMkcwNDdDdk5NX0lq?oc=5\" target=\"_blank\" rel=\"nofollow noopener\">VIDEO \u27e9 Aiz priek\u0161kara: &#8220;Zaud\u0113t\u0101js Zelenskis, cer\u012bg\u0101 Budape\u0161ta un nacistisk\u0101 Latvija&#8221;<\/a>&nbsp;&nbsp;TVNET<\/li>\n<li><a href=\"https:\/\/news.google.com\/rss\/articles\/CBMizwJBVV95cUxQb0FVSnh0dkxkaDJuWmVFRko1ZFR3TU9NeVBzMlRRNGF0S1pBRDh4eWx4TmJYZ3lxZ0FCMjQzSjZjRzNSS05PRTJJbnlWME1hbnZ5d053UDVZdFI4THhpM1Z6MlNNTFRvakZvdkFKbFBLa0c5T01tSGZXRnowaUY0T1VyQnZGWUp6eEcyRVZtYjR6UmNfUVJneGQ1WGFuUDJhY2lPS1ZpQkxuLVl0UU4yLVNma0doWUFrWjhNNFVFenRFbkFkNmUybF8zN0hpV2EzUnYtOXNmUFJBZTR2cFFGYjN6RXJZc3lZTHBianBRdmpkSFFoRkJ6RlVhcGcydGpkYjZ4N1k4Q2pKbmdOMEpiZ2hCRlNLMTU3cE05ZGRyZGxxWE5EUUl0WUNsZXR2OUY0QmhIU1FIbmViTGowZ2dBanl6SC1DVWdLVkxGQ0s3aw?oc=5\" target=\"_blank\" rel=\"nofollow noopener\">Laikraksts: Putins telefonsarun\u0101 ar Trampu piepras\u012bja, lai Ukraina atdod visu nocietin\u0101to Doneckas apgabalu, ko vi\u0146\u0161 nesp\u0113j sagr\u0101bt jau 11 gadus. Ar\u012b Vitkofs m\u0113\u0123in\u0101ja pielauzt Ukrainas deleg\u0101ciju<\/a>&nbsp;&nbsp;Jauns.lv<\/li>\n<\/ol>\n","protected":false},"excerpt":{"rendered":"Lai nok\u013c\u016btu Ung\u0101rij\u0101, Putins var\u0113tu lidot p\u0101r Bulg\u0101riju&nbsp;&nbsp;Apollo.lv Vai Putina lidma\u0161\u012bnu k\u0101ds uzdr\u012bkst\u0113sies aiztur\u0113t? Eksperti par iesp\u0113jamo p\u0101rtver\u0161anu&hellip;\n","protected":false},"author":2,"featured_media":26821,"comment_status":"","ping_status":"","sticky":false,"template":"","format":"standard","meta":{"footnotes":""},"categories":[14],"tags":[23,57,28,29,3567,32,33,22,30,31,35,39,38,36,37,34,3309,40,20,26,27,24,25,2497,235,54,55,56,21,58],"class_list":{"0":"post-26820","1":"post","2":"type-post","3":"status-publish","4":"format-standard","5":"has-post-thumbnail","7":"category-zinas-no-arvalstim","8":"tag-aktualitates","9":"tag-arvalstim","10":"tag-breaking-news","11":"tag-breakingnews","12":"tag-bulgarija","13":"tag-featured-news","14":"tag-featurednews","15":"tag-headlines","16":"tag-latest-news","17":"tag-latestnews","18":"tag-latvia","19":"tag-latvian","20":"tag-latviesu","21":"tag-latviesu-valoda","22":"tag-latviesuvaloda","23":"tag-latvija","24":"tag-lidmasina","25":"tag-lv","26":"tag-news","27":"tag-popularakas-zinas","28":"tag-popularakaszinas","29":"tag-top-stories","30":"tag-topstories","31":"tag-ungarija","32":"tag-vladimirs-putins","33":"tag-world","34":"tag-world-news","35":"tag-worldnews","36":"tag-zinas","37":"tag-zinas-no-arvalstim"},"share_on_mastodon":{"url":"","error":""},"_links":{"self":[{"href":"https:\/\/www.europesays.com\/lv\/wp-json\/wp\/v2\/posts\/26820","targetHints":{"allow":["GET"]}}],"collection":[{"href":"https:\/\/www.europesays.com\/lv\/wp-json\/wp\/v2\/posts"}],"about":[{"href":"https:\/\/www.europesays.com\/lv\/wp-json\/wp\/v2\/types\/post"}],"author":[{"embeddable":true,"href":"https:\/\/www.europesays.com\/lv\/wp-json\/wp\/v2\/users\/2"}],"replies":[{"embeddable":true,"href":"https:\/\/www.europesays.com\/lv\/wp-json\/wp\/v2\/comments?post=26820"}],"version-history":[{"count":0,"href":"https:\/\/www.europesays.com\/lv\/wp-json\/wp\/v2\/posts\/26820\/revisions"}],"wp:featuredmedia":[{"embeddable":true,"href":"https:\/\/www.europesays.com\/lv\/wp-json\/wp\/v2\/media\/26821"}],"wp:attachment":[{"href":"https:\/\/www.europesays.com\/lv\/wp-json\/wp\/v2\/media?parent=26820"}],"wp:term":[{"taxonomy":"category","embeddable":true,"href":"https:\/\/www.europesays.com\/lv\/wp-json\/wp\/v2\/categories?post=26820"},{"taxonomy":"post_tag","embeddable":true,"href":"https:\/\/www.europesays.com\/lv\/wp-json\/wp\/v2\/tags?post=26820"}],"curies":[{"name":"wp","href":"https:\/\/api.w.org\/{rel}","templated":true}]}}