{"id":26843,"date":"2025-10-21T04:44:07","date_gmt":"2025-10-21T04:44:07","guid":{"rendered":"https:\/\/www.europesays.com\/lv\/26843\/"},"modified":"2025-10-21T04:44:07","modified_gmt":"2025-10-21T04:44:07","slug":"saasinoties-prezidentu-konfliktam-kolumbija-atsauc-vestnieku-asv","status":"publish","type":"post","link":"https:\/\/www.europesays.com\/lv\/26843\/","title":{"rendered":"Saasinoties prezidentu konfliktam, Kolumbija atsauc v\u0113stnieku ASV"},"content":{"rendered":"<p>Tramps sv\u0113tdien sol\u012bja izbeigt jebk\u0101du pal\u012bdz\u012bbu Kolumbijai, kas ir v\u0113sturiski tuva <a href=\"https:\/\/www.apollo.lv\/term\/555410\/asv\" class=\"topicLink\" target=\"_blank\" rel=\"nofollow noopener\">ASV<\/a> partnere un pasaules liel\u0101k\u0101 koka\u012bna ra\u017eot\u0101ja, un nosauca Petro par &#8220;neleg\u0101lu narkotiku l\u012bderi&#8221;.<\/p>\n<p>Tramps ar\u012b sac\u012bja, ka pirmdien pazi\u0146os par jauniem muitas tarifiem Kolumbijas pre\u010du importam, un draud\u0113ja ar v\u0101rd\u0101 nenosauktu r\u012bc\u012bbu, lai &#8220;nosl\u0113gtu&#8221; narkotiku kultiv\u0113\u0161anu Kolumbij\u0101, ja Petro ner\u012bkosies.<\/p>\n<p>Kolumbijas \u0100rlietu ministrija pirmdien pazi\u0146oja, ka v\u0113stnieks Daniels Garsija-Penja ir atsaukts uz konsult\u0101cij\u0101m no Va\u0161ingtonas uz Bogotu. Kolumbijas iek\u0161lietu ministrs Armando Benedeti nosauca Trampa izteikumus par narkotiku kultiv\u0113\u0161anas izbeig\u0161anu ar sp\u0113ku par &#8220;iebrukuma vai milit\u0101ras r\u012bc\u012bbas draudiem pret Kolumbiju&#8221;.<\/p>\n<p>Petro un Trampa konflikts s\u0101k\u0101s, kad Tramps janv\u0101r\u012b atgriez\u0101s ASV prezidenta amat\u0101. Tas ir saasin\u0101jies p\u0113d\u0113jo ned\u0113\u013cu laik\u0101 saist\u012bb\u0101 ar ASV uzbrukumiem narkotiku kontrabandas ku\u0123iem Kar\u012bbu j\u016br\u0101.<\/p>\n<p>Va\u0161ingtona kop\u0161 augusta ir disloc\u0113jusi karaku\u0123us Dienvidamerikas piekrastes tuvum\u0101 un tur uzbrukusi vismaz septi\u0146iem ku\u0123iem, apgalvojot, ka ar tiem tika vestas narkotikas, kuras non\u0101ktu ASV. \u0160ajos uzbrukumos nogalin\u0101ti vismaz 32 cilv\u0113ki.<\/p>\n<p>ASV kampa\u0146a p\u0101rsvar\u0101 fokus\u0113jas uz narkotiku kontrabandu no Venecu\u0113las, bet p\u0113d\u0113j\u0101s dien\u0101s uzman\u012bba ir piev\u0113rsta Kolumbijai.<\/p>\n<p>ASV aizsardz\u012bbas ministrs P\u012bts Hegsets sv\u0113tdien pazi\u0146oja, ka ir nogalin\u0101ti tr\u012bs cilv\u0113ki uz narkotiku kontrabandas ku\u0123a, kas esot saist\u012bts ar Kolumbijas kreiso partiz\u0101nu grup\u0113jumu &#8220;Nacion\u0101l\u0101s atbr\u012bvo\u0161anas armija&#8221; (ELN). Pirms tam uzbrukum\u0101 citam ku\u0123im izdz\u012bvoja divi cilv\u0113ki, tai skait\u0101 viens Kolumbijas pilsonis.<\/p>\n<p>Petro ir aps\u016bdz\u0113jis Trampu slepkav\u012bb\u0101s un Kolumbijas suverenit\u0101tes p\u0101rk\u0101p\u0161an\u0101.<\/p>\n<p><a href=\"https:\/\/www.apollo.lv\/term\/556825\/kolumbija\" class=\"topicLink\" target=\"_blank\" rel=\"nofollow noopener\">Kolumbija<\/a> l\u012bdz \u0161im bija sa\u0146\u0113musi vair\u0101k ASV pal\u012bdz\u012bbas nek\u0101 jebkura cita Dienvidamerikas valsts. 2023. gad\u0101 t\u0101 sa\u0146\u0113ma pal\u012bdz\u012bbu 740 miljonu dol\u0101ru apm\u0113r\u0101, no kuras puse tika izmantota narkotiku kontrabandas apkaro\u0161anai.<\/p>\n","protected":false},"excerpt":{"rendered":"Tramps sv\u0113tdien sol\u012bja izbeigt jebk\u0101du pal\u012bdz\u012bbu Kolumbijai, kas ir v\u0113sturiski tuva ASV partnere un pasaules liel\u0101k\u0101 koka\u012bna ra\u017eot\u0101ja,&hellip;\n","protected":false},"author":2,"featured_media":26844,"comment_status":"","ping_status":"","sticky":false,"template":"","format":"standard","meta":{"footnotes":""},"categories":[14],"tags":[23,57,292,28,29,542,32,33,22,8355,30,31,35,39,38,36,37,34,40,20,26,27,24,25,54,55,56,21,58],"class_list":{"0":"post-26843","1":"post","2":"type-post","3":"status-publish","4":"format-standard","5":"has-post-thumbnail","7":"category-zinas-no-arvalstim","8":"tag-aktualitates","9":"tag-arvalstim","10":"tag-asv","11":"tag-breaking-news","12":"tag-breakingnews","13":"tag-donalds-tramps","14":"tag-featured-news","15":"tag-featurednews","16":"tag-headlines","17":"tag-kolumbija","18":"tag-latest-news","19":"tag-latestnews","20":"tag-latvia","21":"tag-latvian","22":"tag-latviesu","23":"tag-latviesu-valoda","24":"tag-latviesuvaloda","25":"tag-latvija","26":"tag-lv","27":"tag-news","28":"tag-popularakas-zinas","29":"tag-popularakaszinas","30":"tag-top-stories","31":"tag-topstories","32":"tag-world","33":"tag-world-news","34":"tag-worldnews","35":"tag-zinas","36":"tag-zinas-no-arvalstim"},"share_on_mastodon":{"url":"","error":""},"_links":{"self":[{"href":"https:\/\/www.europesays.com\/lv\/wp-json\/wp\/v2\/posts\/26843","targetHints":{"allow":["GET"]}}],"collection":[{"href":"https:\/\/www.europesays.com\/lv\/wp-json\/wp\/v2\/posts"}],"about":[{"href":"https:\/\/www.europesays.com\/lv\/wp-json\/wp\/v2\/types\/post"}],"author":[{"embeddable":true,"href":"https:\/\/www.europesays.com\/lv\/wp-json\/wp\/v2\/users\/2"}],"replies":[{"embeddable":true,"href":"https:\/\/www.europesays.com\/lv\/wp-json\/wp\/v2\/comments?post=26843"}],"version-history":[{"count":0,"href":"https:\/\/www.europesays.com\/lv\/wp-json\/wp\/v2\/posts\/26843\/revisions"}],"wp:featuredmedia":[{"embeddable":true,"href":"https:\/\/www.europesays.com\/lv\/wp-json\/wp\/v2\/media\/26844"}],"wp:attachment":[{"href":"https:\/\/www.europesays.com\/lv\/wp-json\/wp\/v2\/media?parent=26843"}],"wp:term":[{"taxonomy":"category","embeddable":true,"href":"https:\/\/www.europesays.com\/lv\/wp-json\/wp\/v2\/categories?post=26843"},{"taxonomy":"post_tag","embeddable":true,"href":"https:\/\/www.europesays.com\/lv\/wp-json\/wp\/v2\/tags?post=26843"}],"curies":[{"name":"wp","href":"https:\/\/api.w.org\/{rel}","templated":true}]}}