{"id":26857,"date":"2025-10-21T05:04:08","date_gmt":"2025-10-21T05:04:08","guid":{"rendered":"https:\/\/www.europesays.com\/lv\/26857\/"},"modified":"2025-10-21T05:04:08","modified_gmt":"2025-10-21T05:04:08","slug":"sogad-vel-kads-latvijas-restorans-varetu-tikt-pie-michelin-zvaigznes","status":"publish","type":"post","link":"https:\/\/www.europesays.com\/lv\/26857\/","title":{"rendered":"\u0160ogad v\u0113l k\u0101ds Latvijas restor\u0101ns var\u0113tu tikt pie &#8220;Michelin&#8221; zvaigznes"},"content":{"rendered":"<p>Starptautiskaj\u0101 gastronomijas ce\u013cved\u012b &#8220;Michelin Guide&#8221; 2026. gad\u0101 iek\u013cauto restor\u0101nu skaits Latvij\u0101 var\u0113tu palielin\u0101ties, sac\u012bja Latvijas Restor\u0101nu biedr\u012bbas vad\u012bt\u0101js J\u0101nis Jenzis.<\/p>\n<p>T\u0101pat vi\u0146\u0161 pauda cer\u012bbu, ka sarakstam var\u0113tu pievienoties v\u0113l k\u0101ds restor\u0101ns, kuram tiktu pie\u0161\u0137irta &#8220;Michelin&#8221; kvalit\u0101tes zvaigzne.<\/p>\n<p>Vi\u0146apr\u0101t, eso\u0161ie restor\u0101ni &#8220;John Chef&#8217;s Hall&#8221; un &#8220;Max Cekot Kitchen&#8221;, kas ieguvu\u0161i vienu &#8220;Michelin&#8221; zvaigzni, \u0161ogad to saglab\u0101s, k\u0101 ar\u012b vi\u0146\u0161 pauda cer\u012bbu, ka k\u0101ds no \u0161iem restor\u0101niem var\u0113tu ieg\u016bt v\u0113l vienu zvaigzni. &#8220;\u0160ie restor\u0101ni ir peln\u012bti ieguvu\u0161i zvaigznes, k\u0101 ar\u012b turpina nodro\u0161in\u0101t augst\u0101ko l\u012bmeni un str\u0101d\u0101t kvalit\u0101ti,&#8221; nor\u0101d\u012bja Jenzis.<\/p>\n<p>Jenzis papildin\u0101ja, ka Latvijai ir &#8220;j\u0101aug&#8221;, lai ieg\u016btu tr\u012bs &#8220;Michelin&#8221; zvaig\u017e\u0146u nov\u0113rt\u0113tu restor\u0101nu, jo t\u0101s ir lielas invest\u012bcijas telp\u0101s, person\u0101l\u0101 un produktos, lai nodro\u0161in\u0101tu augstu kvalit\u0101tes l\u012bmeni. &#8220;T\u0101 ir n\u0101kotnes cer\u012bba, bet div\u0101m zvaigzn\u0113m esam gatavi,&#8221; vi\u0146\u0161 piebilda.<\/p>\n<p>Vi\u0146\u0161 ar\u012b atz\u012bm\u0113ja, ka restor\u0101nu iek\u013cau\u0161ana &#8220;Michelin&#8221; ce\u013cved\u012b ir laba publicit\u0101te Latvijai, jo tas ir svar\u012bgs kan\u0101ls gastronomijas t\u016brisma veicin\u0101\u0161anai, k\u0101 ar\u012b sign\u0101ls jaunajiem nozares sp\u0113l\u0113t\u0101jiem, ka Latvija str\u0101d\u0101 pasaules l\u012bmen\u012b.<\/p>\n<p>Tre\u0161dien, 22. oktobr\u012b, notiks &#8220;Michelin&#8221; restor\u0101nu apbalvo\u0161anas ceremonija, kur\u0101 pazi\u0146os Latvijas lab\u0101kos restor\u0101nus.<\/p>\n","protected":false},"excerpt":{"rendered":"Starptautiskaj\u0101 gastronomijas ce\u013cved\u012b &#8220;Michelin Guide&#8221; 2026. gad\u0101 iek\u013cauto restor\u0101nu skaits Latvij\u0101 var\u0113tu palielin\u0101ties, sac\u012bja Latvijas Restor\u0101nu biedr\u012bbas vad\u012bt\u0101js&hellip;\n","protected":false},"author":2,"featured_media":26858,"comment_status":"","ping_status":"","sticky":false,"template":"","format":"standard","meta":{"footnotes":""},"categories":[5],"tags":[129,8362,23,28,29,32,33,22,30,31,35,39,38,36,37,34,40,20,26,27,8363,8364,24,25,21],"class_list":{"0":"post-26857","1":"post","2":"type-post","3":"status-publish","4":"format-standard","5":"has-post-thumbnail","7":"category-aktualitates","8":"tag-__typenameadvicekeyword","9":"tag-id22","10":"tag-aktualitates","11":"tag-breaking-news","12":"tag-breakingnews","13":"tag-featured-news","14":"tag-featurednews","15":"tag-headlines","16":"tag-latest-news","17":"tag-latestnews","18":"tag-latvia","19":"tag-latvian","20":"tag-latviesu","21":"tag-latviesu-valoda","22":"tag-latviesuvaloda","23":"tag-latvija","24":"tag-lv","25":"tag-news","26":"tag-popularakas-zinas","27":"tag-popularakaszinas","28":"tag-slugrestaurant","29":"tag-titlerestaurant","30":"tag-top-stories","31":"tag-topstories","32":"tag-zinas"},"share_on_mastodon":{"url":"","error":""},"_links":{"self":[{"href":"https:\/\/www.europesays.com\/lv\/wp-json\/wp\/v2\/posts\/26857","targetHints":{"allow":["GET"]}}],"collection":[{"href":"https:\/\/www.europesays.com\/lv\/wp-json\/wp\/v2\/posts"}],"about":[{"href":"https:\/\/www.europesays.com\/lv\/wp-json\/wp\/v2\/types\/post"}],"author":[{"embeddable":true,"href":"https:\/\/www.europesays.com\/lv\/wp-json\/wp\/v2\/users\/2"}],"replies":[{"embeddable":true,"href":"https:\/\/www.europesays.com\/lv\/wp-json\/wp\/v2\/comments?post=26857"}],"version-history":[{"count":0,"href":"https:\/\/www.europesays.com\/lv\/wp-json\/wp\/v2\/posts\/26857\/revisions"}],"wp:featuredmedia":[{"embeddable":true,"href":"https:\/\/www.europesays.com\/lv\/wp-json\/wp\/v2\/media\/26858"}],"wp:attachment":[{"href":"https:\/\/www.europesays.com\/lv\/wp-json\/wp\/v2\/media?parent=26857"}],"wp:term":[{"taxonomy":"category","embeddable":true,"href":"https:\/\/www.europesays.com\/lv\/wp-json\/wp\/v2\/categories?post=26857"},{"taxonomy":"post_tag","embeddable":true,"href":"https:\/\/www.europesays.com\/lv\/wp-json\/wp\/v2\/tags?post=26857"}],"curies":[{"name":"wp","href":"https:\/\/api.w.org\/{rel}","templated":true}]}}