{"id":26860,"date":"2025-10-21T05:08:07","date_gmt":"2025-10-21T05:08:07","guid":{"rendered":"https:\/\/www.europesays.com\/lv\/26860\/"},"modified":"2025-10-21T05:08:07","modified_gmt":"2025-10-21T05:08:07","slug":"izraela-sanemusi-vel-viena-kilnieka-mirstigas-atliekas","status":"publish","type":"post","link":"https:\/\/www.europesays.com\/lv\/26860\/","title":{"rendered":"Izra\u0113la sa\u0146\u0113musi v\u0113l viena \u0137\u012blnieka mirst\u012bg\u0101s atliekas"},"content":{"rendered":"<p>&#8220;Izra\u0113la ar Sarkan\u0101 Krusta starpniec\u012bbu ir sa\u0146\u0113musi pazudu\u0161a \u0137\u012blnieka z\u0101rku, kas tika nodots Izra\u0113las Aizsardz\u012bbas sp\u0113kiem un [iek\u0161\u0113j\u0101 izl\u016bkdienesta] &#8220;Shin Bet&#8221; sp\u0113kiem Gazas josl\u0101,&#8221; pazi\u0146oja Izra\u0113las premjerministra Benjamina Netanjahu birojs.<\/p>\n<p>Izra\u0113las armija un &#8220;Shin Bet&#8221; v\u0113l\u0101k apstiprin\u0101ja, ka mirst\u012bg\u0101s atliekas ir atvestas uz Izra\u0113lu un nos\u016bt\u012btas uz Nacion\u0101lo tiesu medic\u012bnas instit\u016btu, kur tiks veiktas identifik\u0101cijas proced\u016bras.<\/p>\n<p>Augsta &#8220;Ham\u0101s&#8221; amatpersona pav\u0113st\u012bja zi\u0146u a\u0123ent\u016brai AFP, ka grup\u0113juma bru\u0146otais sp\u0101rns nodevis \u0137\u012blnieka mirst\u012bg\u0101s atliekas Sarkanajam Krustam p\u0113c to sa\u0146em\u0161anas no grup\u0113juma &#8220;Tautas fronte Palest\u012bnas atbr\u012bvo\u0161anai&#8221; bru\u0146ot\u0101 sp\u0101rna &#8220;Abu Ali Mustafas brig\u0101des&#8221;.<\/p>\n<p>&#8220;Izpildot m\u016bsu nacion\u0101lo pien\u0101kumu, m\u0113s (..) pazi\u0146ojam, ka nododam viena cionistu karav\u012bra l\u012b\u0137i, pildot vieno\u0161an\u0101s nosac\u012bjumus,&#8221; teikts &#8220;Abu Ali Mustafas brig\u0101\u017eu&#8221; pazi\u0146ojum\u0101.<\/p>\n<p>Pirms \u0161o mirst\u012bgo atlieku nodo\u0161anas &#8220;Ham\u0101s&#8221; atdeva Izra\u0113lai 12 \u0137\u012blnieku l\u012b\u0137us. Saska\u0146\u0101 ar pamiera vieno\u0161anos &#8220;Ham\u0101s&#8221; ir sol\u012bjis atdot Izra\u0113lai 28 \u0137\u012blnieku l\u012b\u0137us.<\/p>\n","protected":false},"excerpt":{"rendered":"&#8220;Izra\u0113la ar Sarkan\u0101 Krusta starpniec\u012bbu ir sa\u0146\u0113musi pazudu\u0161a \u0137\u012blnieka z\u0101rku, kas tika nodots Izra\u0113las Aizsardz\u012bbas sp\u0113kiem un [iek\u0161\u0113j\u0101&hellip;\n","protected":false},"author":2,"featured_media":26861,"comment_status":"","ping_status":"","sticky":false,"template":"","format":"standard","meta":{"footnotes":""},"categories":[14],"tags":[23,57,28,29,32,33,1274,1272,22,493,30,31,35,39,38,36,37,34,40,20,26,27,24,25,54,55,56,21,58],"class_list":{"0":"post-26860","1":"post","2":"type-post","3":"status-publish","4":"format-standard","5":"has-post-thumbnail","7":"category-zinas-no-arvalstim","8":"tag-aktualitates","9":"tag-arvalstim","10":"tag-breaking-news","11":"tag-breakingnews","12":"tag-featured-news","13":"tag-featurednews","14":"tag-gazas-josla","15":"tag-hamas","16":"tag-headlines","17":"tag-izraela","18":"tag-latest-news","19":"tag-latestnews","20":"tag-latvia","21":"tag-latvian","22":"tag-latviesu","23":"tag-latviesu-valoda","24":"tag-latviesuvaloda","25":"tag-latvija","26":"tag-lv","27":"tag-news","28":"tag-popularakas-zinas","29":"tag-popularakaszinas","30":"tag-top-stories","31":"tag-topstories","32":"tag-world","33":"tag-world-news","34":"tag-worldnews","35":"tag-zinas","36":"tag-zinas-no-arvalstim"},"share_on_mastodon":{"url":"","error":""},"_links":{"self":[{"href":"https:\/\/www.europesays.com\/lv\/wp-json\/wp\/v2\/posts\/26860","targetHints":{"allow":["GET"]}}],"collection":[{"href":"https:\/\/www.europesays.com\/lv\/wp-json\/wp\/v2\/posts"}],"about":[{"href":"https:\/\/www.europesays.com\/lv\/wp-json\/wp\/v2\/types\/post"}],"author":[{"embeddable":true,"href":"https:\/\/www.europesays.com\/lv\/wp-json\/wp\/v2\/users\/2"}],"replies":[{"embeddable":true,"href":"https:\/\/www.europesays.com\/lv\/wp-json\/wp\/v2\/comments?post=26860"}],"version-history":[{"count":0,"href":"https:\/\/www.europesays.com\/lv\/wp-json\/wp\/v2\/posts\/26860\/revisions"}],"wp:featuredmedia":[{"embeddable":true,"href":"https:\/\/www.europesays.com\/lv\/wp-json\/wp\/v2\/media\/26861"}],"wp:attachment":[{"href":"https:\/\/www.europesays.com\/lv\/wp-json\/wp\/v2\/media?parent=26860"}],"wp:term":[{"taxonomy":"category","embeddable":true,"href":"https:\/\/www.europesays.com\/lv\/wp-json\/wp\/v2\/categories?post=26860"},{"taxonomy":"post_tag","embeddable":true,"href":"https:\/\/www.europesays.com\/lv\/wp-json\/wp\/v2\/tags?post=26860"}],"curies":[{"name":"wp","href":"https:\/\/api.w.org\/{rel}","templated":true}]}}