{"id":268725,"date":"2026-08-13T22:12:08","date_gmt":"2026-08-13T22:12:08","guid":{"rendered":"https:\/\/www.europesays.com\/lv\/268725\/"},"modified":"2026-08-13T22:12:08","modified_gmt":"2026-08-13T22:12:08","slug":"leopards-mini-dekolte-un-pat-kazoki-ko-viesi-demonstreja-veras-breznevas-koncerta","status":"publish","type":"post","link":"https:\/\/www.europesays.com\/lv\/268725\/","title":{"rendered":"Leopards, mini, dekolt\u0113 un pat ka\u017eoki: ko viesi demonstr\u0113ja Veras Bre\u017e\u0146evas koncert\u0101?"},"content":{"rendered":"<p>Veras Bre\u017e\u0146evas koncerts Dzintaru koncertz\u0101l\u0113 pulc\u0113ja ne tikai estr\u0101des m\u016bzikas cien\u012bt\u0101jus, bet ar\u012b spilgtus modes eksperiment\u0113t\u0101jus. Kam\u0113r vieni izv\u0113l\u0113j\u0101s vasar\u012bgi vieglus audumus, iespaid\u012bgus mini un dzi\u013cus dekolt\u0113, citi nebaid\u012bj\u0101s no p\u0101rsteigumiem, vakara garderob\u0113 iek\u013caujot pat ka\u017eok\u0101das elementus. Te ir, ko l\u016bkot!<\/p>\n<p>Uzman\u012bbu piesaist\u012bja caursp\u012bd\u012bgi audumi un korsetes, izteiksm\u012bgi dekolt\u0113, kleitas ar mirdzumiem, k\u0101 ar\u012b dz\u012bvnieku raksti, kas \u0161ovasar ac\u012bmredzami piedz\u012bvo renesansi.<\/p>\n","protected":false},"excerpt":{"rendered":"Veras Bre\u017e\u0146evas koncerts Dzintaru koncertz\u0101l\u0113 pulc\u0113ja ne tikai estr\u0101des m\u016bzikas cien\u012bt\u0101jus, bet ar\u012b spilgtus modes eksperiment\u0113t\u0101jus. Kam\u0113r vieni&hellip;\n","protected":false},"author":2,"featured_media":268726,"comment_status":"","ping_status":"","sticky":false,"template":"","format":"standard","meta":{"footnotes":"","_share_on_mastodon":"0"},"categories":[19],"tags":[1054,89,10214,90,35,39,38,36,37,34,40,175],"class_list":["post-268725","post","type-post","status-publish","format-standard","has-post-thumbnail","category-izklaide","tag-dzintaru-koncertzale","tag-entertainment","tag-etikete-zem-lupas","tag-izklaide","tag-latvia","tag-latvian","tag-latviesu","tag-latviesu-valoda","tag-latviesuvaloda","tag-latvija","tag-lv","tag-mode"],"share_on_mastodon":{"url":"https:\/\/pubeurope.com\/@lv\/117090500358520290","error":""},"_links":{"self":[{"href":"https:\/\/www.europesays.com\/lv\/wp-json\/wp\/v2\/posts\/268725","targetHints":{"allow":["GET"]}}],"collection":[{"href":"https:\/\/www.europesays.com\/lv\/wp-json\/wp\/v2\/posts"}],"about":[{"href":"https:\/\/www.europesays.com\/lv\/wp-json\/wp\/v2\/types\/post"}],"author":[{"embeddable":true,"href":"https:\/\/www.europesays.com\/lv\/wp-json\/wp\/v2\/users\/2"}],"replies":[{"embeddable":true,"href":"https:\/\/www.europesays.com\/lv\/wp-json\/wp\/v2\/comments?post=268725"}],"version-history":[{"count":0,"href":"https:\/\/www.europesays.com\/lv\/wp-json\/wp\/v2\/posts\/268725\/revisions"}],"wp:featuredmedia":[{"embeddable":true,"href":"https:\/\/www.europesays.com\/lv\/wp-json\/wp\/v2\/media\/268726"}],"wp:attachment":[{"href":"https:\/\/www.europesays.com\/lv\/wp-json\/wp\/v2\/media?parent=268725"}],"wp:term":[{"taxonomy":"category","embeddable":true,"href":"https:\/\/www.europesays.com\/lv\/wp-json\/wp\/v2\/categories?post=268725"},{"taxonomy":"post_tag","embeddable":true,"href":"https:\/\/www.europesays.com\/lv\/wp-json\/wp\/v2\/tags?post=268725"}],"curies":[{"name":"wp","href":"https:\/\/api.w.org\/{rel}","templated":true}]}}