{"id":26885,"date":"2025-10-21T05:33:13","date_gmt":"2025-10-21T05:33:13","guid":{"rendered":"https:\/\/www.europesays.com\/lv\/26885\/"},"modified":"2025-10-21T05:33:13","modified_gmt":"2025-10-21T05:33:13","slug":"privatskolu-asociacija-cel-trauksmi-par-izm-inicetajam-izmainam","status":"publish","type":"post","link":"https:\/\/www.europesays.com\/lv\/26885\/","title":{"rendered":"Priv\u0101tskolu asoci\u0101cija ce\u013c trauksmi par IZM inic\u0113taj\u0101m izmai\u0146\u0101m"},"content":{"rendered":"<p>Izgl\u012bt\u012bbas un zin\u0101tnes ministrija (<a rel=\"noopener nofollow\" target=\"_blank\" href=\"https:\/\/www.delfi.lv\/temas\/51875773\/izm\" tag-id=\"51875773\">IZM<\/a>) izstr\u0101d\u0101jusi groz\u012bjumus Ministru kabineta noteikumos, paredzot vien\u0101dus kvantita\u012bvos krit\u0113rijus gan valsts un pa\u0161vald\u012bbu dibin\u0101taj\u0101m skol\u0101m, gan priv\u0101tskol\u0101m, paredzot, ka klas\u0113 j\u0101b\u016bt no 30 l\u012bdz 40 b\u0113rniem. Tam nepiekr\u012bt Latvijas Priv\u0101tskolu asoci\u0101cija, kuras vad\u012bt\u0101ja Anna Jermakovi\u010da Latvijas Telev\u012bzijas raid\u012bjum\u0101 &#8220;R\u012bta panor\u0101ma&#8221; sac\u012bja, ka vien\u0101di noteikumi gan var\u0113tu attiekties uz izgl\u012bt\u012bbas kvalit\u0101tes krit\u0113rijiem, bet piel\u012bdzin\u0101t tos kvantit\u0101tes zi\u0146\u0101 esot absurdi.<\/p>\n<p class=\"m-0\">Seko &#8220;Delfi&#8221; ar\u012b  <a target=\"_blank\" href=\"https:\/\/www.instagram.com\/delfi.lv\/\" rel=\"nofollow noopener\">Instagram<\/a>  un <a target=\"_blank\" href=\"https:\/\/www.youtube.com\/channel\/UCw5foWtcJvAbUm64rv7jwUQ\" rel=\"nofollow noopener\">YouTube<\/a>  profil\u0101 \u2013 pievienojies, lai uzzin\u0101tu svar\u012bg\u0101ko un interesant\u0101ko pirmais!<\/p>\n<p>Publik\u0101cijas saturs vai t\u0101s jebk\u0101da apjoma da\u013ca ir aizsarg\u0101ts autorties\u012bbu objekts Autorties\u012bbu likuma izpratn\u0113, un t\u0101 izmanto\u0161ana bez izdev\u0113ja at\u013caujas ir aizliegta. Vair\u0101k lasi  <a target=\"_blank\" href=\"https:\/\/www.delfi.lv\/noteikumi#autortiesibas\" rel=\"nofollow noopener\">\u0161eit<\/a><script async src=\"\/\/www.instagram.com\/embed.js\"><\/script><\/p>\n","protected":false},"excerpt":{"rendered":"Izgl\u012bt\u012bbas un zin\u0101tnes ministrija (IZM) izstr\u0101d\u0101jusi groz\u012bjumus Ministru kabineta noteikumos, paredzot vien\u0101dus kvantita\u012bvos krit\u0113rijus gan valsts un pa\u0161vald\u012bbu&hellip;\n","protected":false},"author":2,"featured_media":26886,"comment_status":"","ping_status":"","sticky":false,"template":"","format":"standard","meta":{"footnotes":""},"categories":[12],"tags":[23,28,29,32,33,22,2374,30,31,35,39,38,36,37,34,40,20,26,27,49,24,25,21],"class_list":{"0":"post-26885","1":"post","2":"type-post","3":"status-publish","4":"format-standard","5":"has-post-thumbnail","7":"category-latvija","8":"tag-aktualitates","9":"tag-breaking-news","10":"tag-breakingnews","11":"tag-featured-news","12":"tag-featurednews","13":"tag-headlines","14":"tag-izm","15":"tag-latest-news","16":"tag-latestnews","17":"tag-latvia","18":"tag-latvian","19":"tag-latviesu","20":"tag-latviesu-valoda","21":"tag-latviesuvaloda","22":"tag-latvija","23":"tag-lv","24":"tag-news","25":"tag-popularakas-zinas","26":"tag-popularakaszinas","27":"tag-skola","28":"tag-top-stories","29":"tag-topstories","30":"tag-zinas"},"share_on_mastodon":{"url":"","error":""},"_links":{"self":[{"href":"https:\/\/www.europesays.com\/lv\/wp-json\/wp\/v2\/posts\/26885","targetHints":{"allow":["GET"]}}],"collection":[{"href":"https:\/\/www.europesays.com\/lv\/wp-json\/wp\/v2\/posts"}],"about":[{"href":"https:\/\/www.europesays.com\/lv\/wp-json\/wp\/v2\/types\/post"}],"author":[{"embeddable":true,"href":"https:\/\/www.europesays.com\/lv\/wp-json\/wp\/v2\/users\/2"}],"replies":[{"embeddable":true,"href":"https:\/\/www.europesays.com\/lv\/wp-json\/wp\/v2\/comments?post=26885"}],"version-history":[{"count":0,"href":"https:\/\/www.europesays.com\/lv\/wp-json\/wp\/v2\/posts\/26885\/revisions"}],"wp:featuredmedia":[{"embeddable":true,"href":"https:\/\/www.europesays.com\/lv\/wp-json\/wp\/v2\/media\/26886"}],"wp:attachment":[{"href":"https:\/\/www.europesays.com\/lv\/wp-json\/wp\/v2\/media?parent=26885"}],"wp:term":[{"taxonomy":"category","embeddable":true,"href":"https:\/\/www.europesays.com\/lv\/wp-json\/wp\/v2\/categories?post=26885"},{"taxonomy":"post_tag","embeddable":true,"href":"https:\/\/www.europesays.com\/lv\/wp-json\/wp\/v2\/tags?post=26885"}],"curies":[{"name":"wp","href":"https:\/\/api.w.org\/{rel}","templated":true}]}}