{"id":268979,"date":"2026-08-14T07:22:21","date_gmt":"2026-08-14T07:22:21","guid":{"rendered":"https:\/\/www.europesays.com\/lv\/268979\/"},"modified":"2026-08-14T07:22:21","modified_gmt":"2026-08-14T07:22:21","slug":"pilnais-saules-aptumsums-cilvekiem-rada-ipasas-sajutas","status":"publish","type":"post","link":"https:\/\/www.europesays.com\/lv\/268979\/","title":{"rendered":"Pilnais Saules aptumsums cilv\u0113kiem rada \u012bpa\u0161as saj\u016btas"},"content":{"rendered":"<p><img fetchpriority=\"high\" decoding=\"async\" width=\"1024\" height=\"683\" src=\"https:\/\/www.europesays.com\/lv\/wp-content\/uploads\/2026\/08\/Saules-aptumsums-1-1024x683.jpg\" alt=\"\" class=\"wp-image-1010959\"  \/>Tre\u0161dienas, 12. augusta, vakar\u0101 Valkas pus\u0113 paz\u012bstamais fotogr\u0101fs, kaimi\u0146pils\u0113tas Valgas iedz\u012bvot\u0101js Aivars Vi\u013cumsons dev\u0101s pa Tervas ce\u013cu, lai atrastu augst\u0101ku vietu fotograf\u0113\u0161anai un iem\u016b\u017ein\u0101tu Saules aptumsumu.  <br \/>FOTO: AIVARS VI\u013bUMSONS<\/p>\n<p class=\"wp-block-paragraph\">Tre\u0161dienas vakar\u0101 Eirop\u0101 aizvad\u012bts viens no iespaid\u012bg\u0101kajiem astronomiskajiem notikumiem p\u0113d\u0113jo gadu desmitu laik\u0101. Daudziem cilv\u0113kiem tas bija noz\u012bm\u012bgs un svar\u012bgs br\u012bdis \u2013 pa\u0161iem redz\u0113t un iem\u016b\u017ein\u0101t pilnu Saules aptumsumu.<\/p>\n<p><img loading=\"lazy\" decoding=\"async\" width=\"1024\" height=\"683\" src=\"https:\/\/www.europesays.com\/lv\/wp-content\/uploads\/2026\/08\/Saules-aptumsums-2-1024x683.jpg\" alt=\"\" class=\"wp-image-1010960\"  \/>FOTO: AIVARS VI\u013bUMSONS<\/p>\n<p class=\"wp-block-paragraph\">Pilns Saules aptumsums vispiln\u012bg\u0101k bija v\u0113rojams Sp\u0101nij\u0101, da\u013c\u0113ji ar\u012b Island\u0113, bet daudzviet citur Eirop\u0101 Saule pazuda aiz M\u0113ness da\u013c\u0113ji. Skatus debes\u012bs cilv\u0113ki v\u0113rsa ar\u012b daudzviet Latvij\u0101 un Igaunij\u0101. Gandr\u012bz ikviens, kur\u0161 piedz\u012bvoja \u0161o notikumu, ar ieg\u016btiem uz\u0146\u0113mumiem un saj\u016bt\u0101m ir dal\u012bjies soci\u0101lajos t\u012bklos.<\/p>\n<p><img loading=\"lazy\" decoding=\"async\" width=\"1024\" height=\"683\" src=\"https:\/\/www.europesays.com\/lv\/wp-content\/uploads\/2026\/08\/Saules-aptumsums-4-1024x683.jpg\" alt=\"\" class=\"wp-image-1010961\"  \/>FOTO: AIVARS VI\u013bUMSONS<\/p>\n<p class=\"wp-block-paragraph\">Viens no Saules aptumsuma v\u0113rot\u0101jiem bija Valk\u0101 paz\u012bstamais fotogr\u0101fs Aivars Vi\u013cumsons. Sarun\u0101 ar Aivaru abi smejamies, jo vi\u0146\u0161 sevi d\u0113v\u0113 par m\u016b\u017e\u012bgo dzin\u0113ju ar fotokameru plecos. Aivaram jau rit 83. dz\u012bves gads, bet vi\u0146\u0161 joproj\u0101m akt\u012bvi iem\u016b\u017eina redz\u0113to \u2013 \u012bpa\u0161as ir vi\u0146a uz\u0146emt\u0101s Gaujas un t\u0101s apk\u0101rtnes ainavas, dv\u012b\u0146u pils\u0113tu Valkas un Valgas ainavas visos \u010detros gadalaikos. Sarakstu var\u0113tu turpin\u0101t garum garo, bet \u0161aj\u0101 reiz\u0113 Aivars atkl\u0101j savas saj\u016btas, fotograf\u0113jot Saules aptumsumu.<\/p>\n<p><img loading=\"lazy\" decoding=\"async\" width=\"1024\" height=\"656\" src=\"https:\/\/www.europesays.com\/lv\/wp-content\/uploads\/2026\/08\/Saules_aptumsums-1024x656.jpg\" alt=\"\" class=\"wp-image-1010962\"  \/>FOTO: AIVARS VI\u013bUMSONS<\/p>\n<p class=\"wp-block-paragraph\">\u201cEs braucu pa Tervas ce\u013cu, kur ir t\u0101da vieta \u2013 Soe ciems, kur ir kalns. Biju pirmais jau pirms pulksten asto\u0146iem vakar\u0101, kas tur apst\u0101j\u0101s, bet pa\u0161\u0101s beig\u0101s jau pie manis bija k\u0101das desmit ma\u0161\u012bnas. T\u0101tad es biju \u0161\u012bs vietas atkl\u0101j\u0113js. Fotograf\u0113ju ar digit\u0101lo kameru \u201cCanon 7D\u201d ar objekt\u012bvu. Kaut kad agr\u0101k biju redz\u0113jis Saules aptumsumu dien\u0101. \u0160\u0137ita, ka piedz\u012bvoju efekt\u012bg\u0101ku ainu. Tagad biju kaln\u0101, kura apk\u0101rtn\u0113 bija nop\u013cauts t\u012brums. Saules aptumsuma br\u012bd\u012b viss izskat\u012bj\u0101s t\u0101ds zeltains. Acis vajadz\u0113ja \u013coti uzman\u012bt. P\u0113c tam braucu m\u0101j\u0101s, un ac\u012bs bija t\u0101da joc\u012bga saj\u016bta, lai gan objekt\u012bvam bija filtrs,\u201d st\u0101sta A. Vi\u013cumsons. Vi\u0146\u0161 priec\u0101jas, ka ir ieguvis fotouz\u0146\u0113mumus, ar kuriem labpr\u0101t ar\u012b dal\u0101s ar \u201cZieme\u013clatviju\u201d.<\/p>\n<p><img loading=\"lazy\" decoding=\"async\" width=\"451\" height=\"451\" src=\"https:\/\/www.europesays.com\/lv\/wp-content\/uploads\/2026\/08\/Saule4_Priede.jpeg\" alt=\"\" class=\"wp-image-1010964\"  \/>Pilnu Saules aptumsumu Sp\u0101nij\u0101 nov\u0113rot un iem\u016b\u017ein\u0101t izdev\u0101s biju\u0161ajam valc\u0113nietim Ilm\u0101ram Priedem. <br \/>FOTO: ILM\u0100RS PRIEDE<\/p>\n<p class=\"wp-block-paragraph\">Savuk\u0101rt biju\u0161ais valc\u0113nietis Ilm\u0101rs Priede piedz\u012bvoja un iem\u016b\u017ein\u0101ja pilnu saules aptumsumu Sp\u0101nij\u0101, kur tas ar\u012b bija vislab\u0101k redzams. Vi\u0146\u0161 \u201cZieme\u013clatvijai\u201d raksta, ka no Valensijas dev\u0101s uz maz\u0101ku pils\u0113tu cer\u012bb\u0101, ka t\u0101 izb\u0113gs no lieliem cilv\u0113ku p\u016b\u013ciem, ta\u010du interese par Saules aptumsumu Sp\u0101nij\u0101 bijusi \u013coti liela un visur \u2013 daudz cilv\u0113ku.<\/p>\n<p><img loading=\"lazy\" decoding=\"async\" width=\"819\" height=\"1024\" src=\"https:\/\/www.europesays.com\/lv\/wp-content\/uploads\/2026\/08\/Saule3_Priede-819x1024.jpeg\" alt=\"\" class=\"wp-image-1010965\"  \/>FOTO: ILM\u0100RS PRIEDE<\/p>\n<p class=\"wp-block-paragraph\">\u201cJebkur\u0161 klaj\u0101ks laukums bija diezgan pilns ar cilv\u0113kiem, kuri sarad\u0101s ar fotostat\u012bviem, lai pieredz\u0113tu \u0161o unik\u0101lo notikumu. Pirmaj\u0101s min\u016bt\u0113s, kad Saulei priek\u0161\u0101 novietoj\u0101s M\u0113ness, p\u016bl\u012b bija man\u0101ma saj\u016bsma un ov\u0101cijas. L\u012bdzko k\u013cuva j\u016btami tum\u0161\u0101ks, ar\u012b sise\u0146i s\u0101ka savu dziesmu k\u0101 uz pas\u016bt\u012bjumu. Diezgan strauji k\u013cuva tum\u0161s, un br\u012bd\u012b, kad Saule bija piln\u012bb\u0101 aizsegta, p\u016blis izpl\u016bda gavil\u0113s \u2013 glu\u017ei k\u0101 koncert\u0101, lielam m\u0101ksliniekam k\u0101pjot uz skatuves. Pilnu Saules aptumsumu sav\u0101 dz\u012bv\u0113 pieredz\u0113ju pirmoreiz. Visnota\u013c apbr\u012bnojama un mazliet ar\u012b \u0161au\u0161al\u012bga saj\u016bta. Apsveram n\u0101kamgad august\u0101 doties uz Malagu, kur \u0161o var\u0113s pieredz\u0113t v\u0113lreiz,\u201d v\u0113sta I. Priede.<\/p>\n<p><img loading=\"lazy\" decoding=\"async\" width=\"819\" height=\"1024\" src=\"https:\/\/www.europesays.com\/lv\/wp-content\/uploads\/2026\/08\/Saule1_Priede-1-819x1024.jpeg\" alt=\"\" class=\"wp-image-1010966\"  \/>FOTO: ILM\u0100RS PRIEDE<\/p>\n<p class=\"wp-block-paragraph\">Pasaules mediji raksta, ka pilns Saules aptumsums kaut kur uz Zemes notiek aptuveni reizi 18 m\u0113ne\u0161os, ta\u010du vien\u0101 konkr\u0113t\u0101 viet\u0101 tas v\u0113rojams tikai aptuveni reizi 400 gados.<\/p>\n<p><img loading=\"lazy\" decoding=\"async\" width=\"683\" height=\"1024\" src=\"https:\/\/www.europesays.com\/lv\/wp-content\/uploads\/2026\/08\/Saule2_Priede-683x1024.jpeg\" alt=\"\" class=\"wp-image-1010967\"  \/>FOTO: ILM\u0100RS PRIEDE<\/p>\n<p><video height=\"2160\" style=\"aspect-ratio: 3840 \/ 2160;\" width=\"3840\" controls=\"\" src=\"https:\/\/ziemellatvija.lv\/wp-content\/uploads\/2026\/08\/WhatsApp-Video-2026-08-13-at-12.13.01.mp4\"\/>Video: Linda Kravale                    <\/p>\n","protected":false},"excerpt":{"rendered":"Tre\u0161dienas, 12. augusta, vakar\u0101 Valkas pus\u0113 paz\u012bstamais fotogr\u0101fs, kaimi\u0146pils\u0113tas Valgas iedz\u012bvot\u0101js Aivars Vi\u013cumsons dev\u0101s pa Tervas ce\u013cu, lai&hellip;\n","protected":false},"author":2,"featured_media":268980,"comment_status":"","ping_status":"","sticky":false,"template":"","format":"standard","meta":{"footnotes":"","_share_on_mastodon":"0"},"categories":[12],"tags":[41584,23,28,29,32,33,22,41585,30,31,35,39,38,36,37,34,40,20,26,27,41431,1670,24,25,33503,1007,1009,21],"class_list":["post-268979","post","type-post","status-publish","format-standard","has-post-thumbnail","category-latvija","tag-aivarsvilumsons","tag-aktualitates","tag-breaking-news","tag-breakingnews","tag-featured-news","tag-featurednews","tag-headlines","tag-ilmarspriede","tag-latest-news","tag-latestnews","tag-latvia","tag-latvian","tag-latviesu","tag-latviesu-valoda","tag-latviesuvaloda","tag-latvija","tag-lv","tag-news","tag-popularakas-zinas","tag-popularakaszinas","tag-saulesaptumsums","tag-spanija","tag-top-stories","tag-topstories","tag-valga","tag-valka","tag-valkasnovads","tag-zinas"],"share_on_mastodon":{"url":"https:\/\/pubeurope.com\/@lv\/117092663541790109","error":""},"_links":{"self":[{"href":"https:\/\/www.europesays.com\/lv\/wp-json\/wp\/v2\/posts\/268979","targetHints":{"allow":["GET"]}}],"collection":[{"href":"https:\/\/www.europesays.com\/lv\/wp-json\/wp\/v2\/posts"}],"about":[{"href":"https:\/\/www.europesays.com\/lv\/wp-json\/wp\/v2\/types\/post"}],"author":[{"embeddable":true,"href":"https:\/\/www.europesays.com\/lv\/wp-json\/wp\/v2\/users\/2"}],"replies":[{"embeddable":true,"href":"https:\/\/www.europesays.com\/lv\/wp-json\/wp\/v2\/comments?post=268979"}],"version-history":[{"count":0,"href":"https:\/\/www.europesays.com\/lv\/wp-json\/wp\/v2\/posts\/268979\/revisions"}],"wp:featuredmedia":[{"embeddable":true,"href":"https:\/\/www.europesays.com\/lv\/wp-json\/wp\/v2\/media\/268980"}],"wp:attachment":[{"href":"https:\/\/www.europesays.com\/lv\/wp-json\/wp\/v2\/media?parent=268979"}],"wp:term":[{"taxonomy":"category","embeddable":true,"href":"https:\/\/www.europesays.com\/lv\/wp-json\/wp\/v2\/categories?post=268979"},{"taxonomy":"post_tag","embeddable":true,"href":"https:\/\/www.europesays.com\/lv\/wp-json\/wp\/v2\/tags?post=268979"}],"curies":[{"name":"wp","href":"https:\/\/api.w.org\/{rel}","templated":true}]}}