{"id":26914,"date":"2025-10-21T06:06:08","date_gmt":"2025-10-21T06:06:08","guid":{"rendered":"https:\/\/www.europesays.com\/lv\/26914\/"},"modified":"2025-10-21T06:06:08","modified_gmt":"2025-10-21T06:06:08","slug":"neskaidra-blugera-daliba-canucks-nakamaja-spele","status":"publish","type":"post","link":"https:\/\/www.europesays.com\/lv\/26914\/","title":{"rendered":"Neskaidra B\u013cugera dal\u012bba &#8220;Canucks&#8221; n\u0101kamaj\u0101 sp\u0113l\u0113"},"content":{"rendered":"<p>Sv\u0113tdien &#8220;Canucks&#8221; viesos ar 4:3 (3:0, 1:1, 0:3) uzvar\u0113ja Va\u0161ingtonas &#8220;Capitals&#8221;.<\/p>\n<p>Latvie\u0161u uzbruc\u0113js tikai piektdien s\u0101ka sezonu p\u0113c traumas iz\u0101rst\u0113\u0161anas, ta\u010du sv\u0113tdienas sp\u0113li vi\u0146\u0161 nosl\u0113dza priek\u0161laic\u012bgi k\u0101jas savainojuma d\u0113\u013c.<\/p>\n<p>&#8220;Ir ap\u0161aub\u0101ma B\u013cugera sp\u0113l\u0113\u0161ana otrdien ar Pitsburgas &#8220;Penguins&#8221;,&#8221; atsaucoties uz &#8220;Canucks&#8221; \u0123ener\u0101lmened\u017eeri Patriku Olvinu, zi\u0146o Makintairs.<\/p>\n<blockquote class=\"twitter-tweet\">\n<p lang=\"en\" dir=\"ltr\">Per Canucks GM Patrik Allvin, Teddy Blueger is &#8220;doubtful&#8221; to play Tue in PGH but the return from leave of Brock Boeser is a &#8220;possibility.&#8221;<\/p>\n<p>Injured Filip Chytil and Jonathan Lekkerimaki flew back to Vancouver today with medical staff for further examination.<\/p>\n<p>\u2014 Iain MacIntyre (@imacSportsnet) <a href=\"https:\/\/twitter.com\/imacSportsnet\/status\/1980328415090864222?ref_src=twsrc%5Etfw\" rel=\"nofollow noopener\" target=\"_blank\">October 20, 2025<\/a><\/p><\/blockquote>\n<p>B\u013cugers sv\u0113tdien uz ledus bija 18 min\u016btes un 42 sekundes, divreiz meta pa v\u0101rtiem, zaud\u0113ja vienu ripu, blo\u0137\u0113ja vienu metienu, uzvar\u0113ja piecos no 13 iemetieniem un sakr\u0101ja +\/- r\u0101d\u012bt\u0101ju +1.<\/p>\n<p>B\u013cugers otr\u0101 perioda piektaj\u0101 min\u016bt\u0113 guva v\u0101rtus, pan\u0101kot 4:0.<\/p>\n<p><a href=\"https:\/\/sports.tvnet.lv\/term\/10077\/nhl\" class=\"topicLink\" target=\"_blank\" rel=\"nofollow noopener\">NHL<\/a> B\u013cugers ir guvis 50 v\u0101rtus 420 ma\u010dos.<\/p>\n<p>&#8220;Canucks&#8221; ar asto\u0146iem punktiem se\u0161\u0101s sp\u0113l\u0113s ie\u0146em sesto vietu Rietumu konferenc\u0113, bet B\u013cugera savulaik p\u0101rst\u0101v\u0113t\u0101 Pitsburgas &#8220;Penguins&#8221; ar biju\u0161o Vank\u016bveras kluba v\u0101rtsargu Art\u016bru \u0160ilovu sast\u0101v\u0101 ar t\u0101du pa\u0161u bilanci ie\u0146em sesto vietu Austrumu konferenc\u0113.<\/p>\n<p><script async src=\"https:\/\/platform.twitter.com\/widgets.js\" charset=\"utf-8\"><\/script><\/p>\n","protected":false},"excerpt":{"rendered":"Sv\u0113tdien &#8220;Canucks&#8221; viesos ar 4:3 (3:0, 1:1, 0:3) uzvar\u0113ja Va\u0161ingtonas &#8220;Capitals&#8221;. Latvie\u0161u uzbruc\u0113js tikai piektdien s\u0101ka sezonu p\u0113c&hellip;\n","protected":false},"author":2,"featured_media":26915,"comment_status":"","ping_status":"","sticky":false,"template":"","format":"standard","meta":{"footnotes":""},"categories":[17],"tags":[35,39,38,36,37,34,40,835,1184,67,2695,1186],"class_list":{"0":"post-26914","1":"post","2":"type-post","3":"status-publish","4":"format-standard","5":"has-post-thumbnail","7":"category-sports","8":"tag-latvia","9":"tag-latvian","10":"tag-latviesu","11":"tag-latviesu-valoda","12":"tag-latviesuvaloda","13":"tag-latvija","14":"tag-lv","15":"tag-nhl","16":"tag-pitsburgas-penguins","17":"tag-sports","18":"tag-teodors-blugers","19":"tag-vankuveras-canucks"},"share_on_mastodon":{"url":"","error":""},"_links":{"self":[{"href":"https:\/\/www.europesays.com\/lv\/wp-json\/wp\/v2\/posts\/26914","targetHints":{"allow":["GET"]}}],"collection":[{"href":"https:\/\/www.europesays.com\/lv\/wp-json\/wp\/v2\/posts"}],"about":[{"href":"https:\/\/www.europesays.com\/lv\/wp-json\/wp\/v2\/types\/post"}],"author":[{"embeddable":true,"href":"https:\/\/www.europesays.com\/lv\/wp-json\/wp\/v2\/users\/2"}],"replies":[{"embeddable":true,"href":"https:\/\/www.europesays.com\/lv\/wp-json\/wp\/v2\/comments?post=26914"}],"version-history":[{"count":0,"href":"https:\/\/www.europesays.com\/lv\/wp-json\/wp\/v2\/posts\/26914\/revisions"}],"wp:featuredmedia":[{"embeddable":true,"href":"https:\/\/www.europesays.com\/lv\/wp-json\/wp\/v2\/media\/26915"}],"wp:attachment":[{"href":"https:\/\/www.europesays.com\/lv\/wp-json\/wp\/v2\/media?parent=26914"}],"wp:term":[{"taxonomy":"category","embeddable":true,"href":"https:\/\/www.europesays.com\/lv\/wp-json\/wp\/v2\/categories?post=26914"},{"taxonomy":"post_tag","embeddable":true,"href":"https:\/\/www.europesays.com\/lv\/wp-json\/wp\/v2\/tags?post=26914"}],"curies":[{"name":"wp","href":"https:\/\/api.w.org\/{rel}","templated":true}]}}