{"id":2696,"date":"2025-09-23T07:47:12","date_gmt":"2025-09-23T07:47:12","guid":{"rendered":"https:\/\/www.europesays.com\/lv\/2696\/"},"modified":"2025-09-23T07:47:12","modified_gmt":"2025-09-23T07:47:12","slug":"jainveste-specvienibas-un-jadoma-par-helikopteru-iegadi","status":"publish","type":"post","link":"https:\/\/www.europesays.com\/lv\/2696\/","title":{"rendered":"J\u0101invest\u0113 specvien\u012bb\u0101s un j\u0101dom\u0101 par helikopteru ieg\u0101di."},"content":{"rendered":"<p>P\u0113d\u0113jo divu gadu laik\u0101 Latvij\u0101 notiku\u0161i vismaz desmit sabot\u0101\u017eas akti, un efekt\u012bv\u0101kai rea\u0123\u0113\u0161anai papildus j\u0101invest\u0113 specvien\u012bb\u0101s un j\u0101dom\u0101 par helikopteru ieg\u0101di, intervij\u0101 a\u0123ent\u016brai LETA atzina iek\u0161lietu ministrs Rihards Kozlovskis (JV).<\/p>\n<p>Koment\u0113jot Baltijas p\u0113tniecisk\u0101s \u017eurn\u0101listikas centrs &#8220;Re:Baltica&#8221; kop\u0101 ar partneriem izp\u0113t\u012bto, ka Krievijas specdienestu izveidotaj\u0101 personu grup\u0101, kas organiz\u0113ja \u010detrus teroraktus Eiropas valst\u012bs, p\u0101rs\u016btot ar pa\u0161izgatavot\u0101m spr\u0101gstier\u012bc\u0113m pild\u012btas pasta pakas, bija \u010detri Latvijas iedz\u012bvot\u0101ji, ministrs nor\u0101d\u012bja, ka draudi ir re\u0101li, un tie vairs nav gad\u012bjumi reizi pusgad\u0101.<\/p>\n<p>Vistra\u0123isk\u0101k\u0101s sekas var\u0113ja b\u016bt gad\u012bjum\u0101 Okup\u0101cijas muzej\u0101, ta\u010du m\u0113\u0123in\u0101jumi boj\u0101t infrastrukt\u016bru nu jau ir regul\u0101ri, t\u0101p\u0113c Latvijas iest\u0101d\u0113m j\u0101sadarbojas ar\u012b ar kaimi\u0146valstu dienestiem, jo notiek sabot\u0101\u017e\u0101s iesaist\u012bto personu p\u0101rvieto\u0161an\u0101s pa \u0160engenas zonu, atzina ministrs.<\/p>\n<p>Konkr\u0113tu p\u0113d\u0113jo divu gadu laik\u0101 re\u0123istr\u0113to sabot\u0101\u017eas gad\u012bjumu skaitu ministrs nemin\u0113ja, ta\u010du uzsv\u0113ra, ka to nav simtiem, bet ne maz\u0101k par desmit. Tie\u0161i pag\u0101ju\u0161ais gads iez\u012bm\u0113jies ar to, ka notika p\u0101reja no &#8220;maig\u0101s varas&#8221; &#8211; centieniem iedarboties uz cilv\u0113ku pr\u0101tiem &#8211; jau uz fiziskiem uzbrukumiem Latvijas infrastrukt\u016brai.<\/p>\n<p>Nevarot simtprocent\u012bgi pateikt, ka visi \u0161ie gad\u012bjumi ir saist\u012bti ar Krievijas interes\u0113m, tom\u0113r &#8220;\u0161\u0101da \u0137\u0113d\u012bte aptuveni iez\u012bm\u0113jas&#8221;, teica ministrs<\/p>\n<p>Kozlovskis uzskata, ka \u0161\u0101du gad\u012bjumu nek\u013c\u016bs maz\u0101k, t\u0101p\u0113c nepiecie\u0161ami papildus risin\u0101jumi. Vi\u0146a skat\u012bjum\u0101 b\u016btu j\u0101invest\u0113 speci\u0101lo uzdevumu vien\u012bb\u0101s, to mobilit\u0101t\u0113 un efektivit\u0101t\u0113. Piem\u0113ram, b\u016btu nepiecie\u0161ams ieg\u0101d\u0101ties vid\u0113j\u0101s klases helikopterus, kas sp\u0113tu nodro\u0161in\u0101t \u0101tru rea\u0123\u0113\u0161anu jebkur\u0101 Latvijas re\u0123ion\u0101 un viet\u0101.<\/p>\n<p>&#8220;Pa\u0161laik mums [iek\u0161lietu resor\u0101] ir pretterorisma vien\u012bba &#8220;Omega&#8221;, kas ir b\u0101z\u0113ta R\u012bg\u0101, un Latgal\u0113 ir Valsts robe\u017esardzes speci\u0101l\u0101 vien\u012bba, bet, skatoties uz sabot\u0101\u017eas aktiem un vadoties no inform\u0101cijas, kas n\u0101k no dro\u0161\u012bbas iest\u0101d\u0113m, draudi vairs nav vid\u0113j\u0101, bet jau augst\u0101k\u0101 pak\u0101p\u0113. L\u012bdz ar to tiem ir j\u0101gatavojas,&#8221; uzsv\u0113ra ministrs.<\/p>\n<p><img decoding=\"async\" src=\"https:\/\/www.europesays.com\/lv\/wp-content\/uploads\/2025\/09\/e25bc2cebd587549b6be4adc6b827a7a.jpg\" title=\"Iek\u0161lietu ministrs Rihards Kozlovskis. Foto: Lita Millere\/LETA\" alt=\"Iek\u0161lietu ministrs Rihards Kozlovskis. Foto: Lita Millere\/LETA\"\/><\/p>\n<p class=\"article-img-desc\">Iek\u0161lietu ministrs Rihards Kozlovskis. Foto: Lita Millere\/LETA<\/p>\n","protected":false},"excerpt":{"rendered":"P\u0113d\u0113jo divu gadu laik\u0101 Latvij\u0101 notiku\u0161i vismaz desmit sabot\u0101\u017eas akti, un efekt\u012bv\u0101kai rea\u0123\u0113\u0161anai papildus j\u0101invest\u0113 specvien\u012bb\u0101s un j\u0101dom\u0101&hellip;\n","protected":false},"author":2,"featured_media":2697,"comment_status":"","ping_status":"","sticky":false,"template":"","format":"standard","meta":{"footnotes":""},"categories":[5],"tags":[129,1450,1444,1447,23,28,29,32,33,22,30,31,35,39,38,36,37,34,40,20,26,27,1451,1445,1448,1452,1446,1449,24,25,21],"class_list":{"0":"post-2696","1":"post","2":"type-post","3":"status-publish","4":"format-standard","5":"has-post-thumbnail","7":"category-aktualitates","8":"tag-__typenameadvicekeyword","9":"tag-id1045","10":"tag-id873","11":"tag-id901","12":"tag-aktualitates","13":"tag-breaking-news","14":"tag-breakingnews","15":"tag-featured-news","16":"tag-featurednews","17":"tag-headlines","18":"tag-latest-news","19":"tag-latestnews","20":"tag-latvia","21":"tag-latvian","22":"tag-latviesu","23":"tag-latviesu-valoda","24":"tag-latviesuvaloda","25":"tag-latvija","26":"tag-lv","27":"tag-news","28":"tag-popularakas-zinas","29":"tag-popularakaszinas","30":"tag-slugdrosiba","31":"tag-slughelikopters","32":"tag-slugiekslietu-ministrija","33":"tag-titledrosiba","34":"tag-titlehelikopters","35":"tag-titleiekslietu-ministrija","36":"tag-top-stories","37":"tag-topstories","38":"tag-zinas"},"share_on_mastodon":{"url":"","error":""},"_links":{"self":[{"href":"https:\/\/www.europesays.com\/lv\/wp-json\/wp\/v2\/posts\/2696","targetHints":{"allow":["GET"]}}],"collection":[{"href":"https:\/\/www.europesays.com\/lv\/wp-json\/wp\/v2\/posts"}],"about":[{"href":"https:\/\/www.europesays.com\/lv\/wp-json\/wp\/v2\/types\/post"}],"author":[{"embeddable":true,"href":"https:\/\/www.europesays.com\/lv\/wp-json\/wp\/v2\/users\/2"}],"replies":[{"embeddable":true,"href":"https:\/\/www.europesays.com\/lv\/wp-json\/wp\/v2\/comments?post=2696"}],"version-history":[{"count":0,"href":"https:\/\/www.europesays.com\/lv\/wp-json\/wp\/v2\/posts\/2696\/revisions"}],"wp:featuredmedia":[{"embeddable":true,"href":"https:\/\/www.europesays.com\/lv\/wp-json\/wp\/v2\/media\/2697"}],"wp:attachment":[{"href":"https:\/\/www.europesays.com\/lv\/wp-json\/wp\/v2\/media?parent=2696"}],"wp:term":[{"taxonomy":"category","embeddable":true,"href":"https:\/\/www.europesays.com\/lv\/wp-json\/wp\/v2\/categories?post=2696"},{"taxonomy":"post_tag","embeddable":true,"href":"https:\/\/www.europesays.com\/lv\/wp-json\/wp\/v2\/tags?post=2696"}],"curies":[{"name":"wp","href":"https:\/\/api.w.org\/{rel}","templated":true}]}}