{"id":26963,"date":"2025-10-21T06:57:07","date_gmt":"2025-10-21T06:57:07","guid":{"rendered":"https:\/\/www.europesays.com\/lv\/26963\/"},"modified":"2025-10-21T06:57:07","modified_gmt":"2025-10-21T06:57:07","slug":"turpinas-apspriede-ar-potencialajiem-valsts-autocelu-ikdienas-uzturesanas-pakalpojumu-piegadatajiem","status":"publish","type":"post","link":"https:\/\/www.europesays.com\/lv\/26963\/","title":{"rendered":"Turpin\u0101s apspriede ar potenci\u0101lajiem valsts autoce\u013cu ikdienas uztur\u0113\u0161anas pakalpojumu pieg\u0101d\u0101t\u0101jiem"},"content":{"rendered":"<p>L\u012bdz 2025. gada 7. novembrim turpin\u0101s apspriede ar potenci\u0101lajiem valsts autoce\u013cu ikdienas uztur\u0113\u0161anas pakalpojumu pieg\u0101d\u0101t\u0101jiem. To organiz\u0113 VSIA Latvijas Valsts ce\u013ci (LVC) lai sniegtu aktu\u0101lo inform\u0101ciju saist\u012bb\u0101 ar n\u0101kamo iepirkumu par darbu veik\u0161anu 2027.\u20132032. gad\u0101.<\/p>\n<p>4. novembr\u012b plkst. 13.00 apspriedes ietvaros notiks tie\u0161saistes tik\u0161an\u0101s MS Teams\u00a0platform\u0101, aicin\u0101m interesentus piedal\u012bties. Visa inform\u0101cija par apspriedes norisi un taj\u0101 public\u0113tie dokumenti atrodama Elektronisko iepirkumu sist\u0113m\u0101: <a href=\"https:\/\/www.eis.gov.lv\/EKEIS\/Supplier\/Procurement\/157915\" rel=\"nofollow noopener\" target=\"_blank\">https:\/\/www.eis.gov.lv\/EKEIS\/Supplier\/Procurement\/157915<\/a>. \u00a0Ieinteres\u0113tos pieg\u0101d\u0101t\u0101jus l\u016bdzam pieteikties apspriedei tie\u0161saist\u0113 l\u012bdz 2025. gada 28. oktobra plkst.\u00a017.00, nos\u016btot savu pieteikumu uz e-pastu <a href=\"https:\/\/lvceli.lv\/aktuali\/turpinas-apspriede-ar-potencialajiem-valsts-autocelu-ikdienas-uzturesanas-pakalpojumu-piegadatajiem\/mailto:laura.vasaraudze@lvceli.lv\" rel=\"nofollow noopener\" target=\"_blank\">laura.vasaraudze@lvceli.lv<\/a>.<\/p>\n<p>Apspriedes tiek r\u012bkotas, pamatojoties uz\u00a0Publisko iepirkumu likuma\u00a018. panta otro da\u013cu, kas paredz pas\u016bt\u012bt\u0101ja ties\u012bbas r\u012bkot apspriedi ar pieg\u0101d\u0101t\u0101jiem, lai sagatavotu iepirkumu un inform\u0113tu pieg\u0101d\u0101t\u0101jus par iepirkuma pl\u0101nu un pras\u012bb\u0101m.<\/p>\n<p>Savus jaut\u0101jumus potenci\u0101lie pieg\u0101d\u0101t\u0101ji rakstveid\u0101 var uzdot jau tagad, tie\u0161saistes apspriedes laik\u0101 vai p\u0113c tie\u0161saistes tik\u0161an\u0101s. Pas\u016bt\u012bt\u0101js atbildes sagatavos rakstiski un public\u0113s vienlaikus ar apspriedes kopsavilkumu.<\/p>\n<p>Pl\u0101notie iepirkumi un izsludin\u0101\u0161anas termi\u0146i<\/p>\n<p>Kop\u0161 2022. gada valsts autoce\u013cu ikdienas uztur\u0113\u0161anas pakalpojumi tiek iepirkti atkl\u0101t\u0101 konkurs\u0101, valsts ce\u013cu t\u012bkls ir sadal\u012bts 19 uztur\u0113\u0161anas darbu l\u012bgumu teritorij\u0101s.Valsts autoce\u013cu uztur\u0113\u0161anas veik\u0161anai 2027.\u20132032. gada period\u0101 paredz\u0113ts veikt \u010detrus iepirkumus, saglab\u0101jot eso\u0161o teritori\u0101lo dal\u012bjumu pa l\u012bgumiem:<\/p>\n<ul class=\"red-bullets\">\n<li>Valsts autoce\u013cu ikdienas uztur\u0113\u0161anas darbi 2027.\u20132032. period\u0101 (Bauskas, Ogres, R\u012bgas, Prei\u013cu teritorij\u0101s) (4 l\u012bgumi) \u2013 pl\u0101nots izsludin\u0101t 2025. gada 4. ceturksn\u012b.<\/li>\n<li>Valsts autoce\u013cu ikdienas uztur\u0113\u0161anas darbi 2027.\u20132032. period\u0101 (Liep\u0101jas, C\u0113su, Madonas un Gulbenes, Al\u016bksnes un Smiltenes, Valmieras, Aizkraukles teritorij\u0101s) (6\u00a0l\u012bgumi) \u2013 pl\u0101nots izsludin\u0101t 2026. gada 1. ceturksn\u012b.<\/li>\n<li>Valsts autoce\u013cu ikdienas uztur\u0113\u0161anas darbi 2027.\u20132032. period\u0101 (J\u0113kabpils, Kuld\u012bgas un Saldus, Balvu un Ludzas, R\u0113zeknes, Dobeles un Tukuma, Jelgavas teritorij\u0101s) (6\u00a0l\u012bgumi \u2013 pl\u0101nots izsludin\u0101t 2026. gada 1. ceturksn\u012b.<\/li>\n<li>Valsts autoce\u013cu ikdienas uztur\u0113\u0161anas darbi 2027.\u20132032. period\u0101 (Limba\u017eu, Talsu un Ventspils, Daugavpils teritorij\u0101s) (3 l\u012bgumi) \u2013 pl\u0101nots izsludin\u0101t 2026. gada 2. ceturksn\u012b.<\/li>\n<\/ul>\n<p>Jaunaj\u0101 uztur\u0113\u0161anas darbu period\u0101 1860 km valsts autoce\u013cu paredz\u0113ts uztur\u0113t komplekso ikdienas uztur\u0113\u0161anas darbu (KIUD) ietvaros, no tiem 1739 km ir valsts galvenie autoce\u013ci un 121 km \u2013 valsts re\u0123ion\u0101lie autoce\u013ci ar A uztur\u0113\u0161anas klasi.<\/p>\n<p>Veicot KIUD, darbu izpild\u012bt\u0101js nep\u0101rtraukti \u2013 visu diennakti septi\u0146as dienas ned\u0113\u013c\u0101, tostarp ar\u012b br\u012bvdien\u0101s un sv\u0113tku dien\u0101s \u2013 patst\u0101v\u012bgi veic darba izpildes vietas apseko\u0161anu, pl\u0101no un organiz\u0113 kompleksus ikdienas uztur\u0113\u0161anas darbus ar m\u0113r\u0137i nodro\u0161in\u0101t pras\u012bbu izpildi A uztur\u0113\u0161anas klases autoce\u013ciem, iev\u0113rojot l\u012bgum\u0101, <a href=\"https:\/\/likumi.lv\/ta\/id\/320192-noteikumi-par-valsts-un-pasvaldibu-autocelu-ikdienas-uzturesanas-prasibam-un-to-izpildes-kontroli\" rel=\"nofollow noopener\" target=\"_blank\">Ministru kabineta noteikumos Nr. 26<\/a> un specifik\u0101cij\u0101s noteikto. Par atbilsto\u0161u KIUD pieg\u0101di izpild\u012bt\u0101js reizi m\u0113nes\u012b sa\u0146em fiks\u0113tu atl\u012bdz\u012bbu, ko nor\u0101d\u012bjis pied\u0101v\u0101jum\u0101.<\/p>\n<p>Par apspried\u0113 sniegto inform\u0101ciju<\/p>\n<p>Pieg\u0101d\u0101t\u0101jiem, kas piedal\u012bsies apspried\u0113, j\u0101\u0146em v\u0113r\u0101, ka apspriede tiks dokument\u0113ta un t\u0101s kopsavilkums tiks public\u0113ts. Apspried\u0113 izskan\u0113jus\u012b inform\u0101cija tiks izpausta tre\u0161aj\u0101m person\u0101m, lai pas\u016bt\u012bt\u0101js nodro\u0161in\u0101tu procesa caurskat\u0101m\u012bbu, vienl\u012bdz\u012bgas attieksmes principa iev\u0113ro\u0161anu un neierobe\u017eotu konkurenci.<\/p>\n<p>Aicin\u0101m \u0146emt v\u0113r\u0101, ka pieg\u0101d\u0101t\u0101jiem apspriedes laik\u0101 ir j\u0101izv\u0113rt\u0113, vai to sniegt\u0101 inform\u0101cija ir uzskat\u0101ma par komercnosl\u0113pumu vai konfidenci\u0101lu inform\u0101ciju, un pieg\u0101d\u0101t\u0101ji pa\u0161i ir atbild\u012bgi par \u0161\u0101das inform\u0101cijas neizpau\u0161anu.<\/p>\n<p>LVC un t\u0101s p\u0101rst\u0101vju sniegt\u0101 inform\u0101cija apspriedes prezent\u0101cij\u0101 un apspriedes laik\u0101 ir uzskat\u0101ma par pl\u0101notu un provizorisku, un t\u0101 var main\u012bties, izstr\u0101d\u0101jot iepirkuma dokument\u0101ciju.<\/p>\n","protected":false},"excerpt":{"rendered":"L\u012bdz 2025. gada 7. novembrim turpin\u0101s apspriede ar potenci\u0101lajiem valsts autoce\u013cu ikdienas uztur\u0113\u0161anas pakalpojumu pieg\u0101d\u0101t\u0101jiem. To organiz\u0113 VSIA&hellip;\n","protected":false},"author":2,"featured_media":26964,"comment_status":"","ping_status":"","sticky":false,"template":"","format":"standard","meta":{"footnotes":""},"categories":[12],"tags":[5544,23,28,29,32,33,22,30,31,35,39,38,36,37,34,40,20,26,27,24,25,21],"class_list":{"0":"post-26963","1":"post","2":"type-post","3":"status-publish","4":"format-standard","5":"has-post-thumbnail","7":"category-latvija","8":"tag-aktuali","9":"tag-aktualitates","10":"tag-breaking-news","11":"tag-breakingnews","12":"tag-featured-news","13":"tag-featurednews","14":"tag-headlines","15":"tag-latest-news","16":"tag-latestnews","17":"tag-latvia","18":"tag-latvian","19":"tag-latviesu","20":"tag-latviesu-valoda","21":"tag-latviesuvaloda","22":"tag-latvija","23":"tag-lv","24":"tag-news","25":"tag-popularakas-zinas","26":"tag-popularakaszinas","27":"tag-top-stories","28":"tag-topstories","29":"tag-zinas"},"share_on_mastodon":{"url":"","error":""},"_links":{"self":[{"href":"https:\/\/www.europesays.com\/lv\/wp-json\/wp\/v2\/posts\/26963","targetHints":{"allow":["GET"]}}],"collection":[{"href":"https:\/\/www.europesays.com\/lv\/wp-json\/wp\/v2\/posts"}],"about":[{"href":"https:\/\/www.europesays.com\/lv\/wp-json\/wp\/v2\/types\/post"}],"author":[{"embeddable":true,"href":"https:\/\/www.europesays.com\/lv\/wp-json\/wp\/v2\/users\/2"}],"replies":[{"embeddable":true,"href":"https:\/\/www.europesays.com\/lv\/wp-json\/wp\/v2\/comments?post=26963"}],"version-history":[{"count":0,"href":"https:\/\/www.europesays.com\/lv\/wp-json\/wp\/v2\/posts\/26963\/revisions"}],"wp:featuredmedia":[{"embeddable":true,"href":"https:\/\/www.europesays.com\/lv\/wp-json\/wp\/v2\/media\/26964"}],"wp:attachment":[{"href":"https:\/\/www.europesays.com\/lv\/wp-json\/wp\/v2\/media?parent=26963"}],"wp:term":[{"taxonomy":"category","embeddable":true,"href":"https:\/\/www.europesays.com\/lv\/wp-json\/wp\/v2\/categories?post=26963"},{"taxonomy":"post_tag","embeddable":true,"href":"https:\/\/www.europesays.com\/lv\/wp-json\/wp\/v2\/tags?post=26963"}],"curies":[{"name":"wp","href":"https:\/\/api.w.org\/{rel}","templated":true}]}}