{"id":26983,"date":"2025-10-21T07:12:05","date_gmt":"2025-10-21T07:12:05","guid":{"rendered":"https:\/\/www.europesays.com\/lv\/26983\/"},"modified":"2025-10-21T07:12:05","modified_gmt":"2025-10-21T07:12:05","slug":"asv-kopa-ar-meksiku-kostariku-un-jamaiku-uznems-2031-gada-pasaules-kausu-sievietem","status":"publish","type":"post","link":"https:\/\/www.europesays.com\/lv\/26983\/","title":{"rendered":"ASV kop\u0101 ar Meksiku, Kostariku un Jamaiku uz\u0146ems 2031. gada Pasaules kausu sieviet\u0113m"},"content":{"rendered":"<p>Jau apr\u012bl\u012b Starptautisk\u0101 Futbola feder\u0101ciju asoci\u0101cija (<a href=\"https:\/\/sports.tvnet.lv\/term\/10067\/fifa\" class=\"topicLink\" target=\"_blank\" rel=\"nofollow noopener\">FIFA<\/a>) pazi\u0146oja, ka amerik\u0101\u0146u pieteikums ir vien\u012bgais uz 2031. gada PK sieviet\u0113m fin\u0101lturn\u012bra r\u012bko\u0161anu, pie\u013caujot, ka ASV apvienosies ar k\u0101du citu Zieme\u013camerikas, Centr\u0101lamerikas un Kar\u012bbu j\u016bras (CONCACAF) re\u0123iona futbola feder\u0101cij\u0101m.<\/p>\n<p>&#8220;\u0160is Pasaules kauss sieviet\u0113m b\u016bs l\u012bdzv\u0113rt\u012bgs PK v\u012brie\u0161iem vis\u0101s \u0161\u012b v\u0101rda noz\u012bm\u0113s,&#8221; pirmdien preses konferenc\u0113 teica USSF prezidente Sindija P\u0101rlova Kona. &#8220;Ne tikai komandu un sp\u0113\u013cu skaita zi\u0146\u0101, bet ar\u012b p\u0113c apr\u012bkojuma kvalit\u0101tes, ar t\u0101da pa\u0161a veida ce\u013cojumiem, naktsm\u012btn\u0113m un atbalstu&#8221;.<\/p>\n<p>P\u0101rlova ar\u012b piebilda, ka vair\u0101k nek\u0101 30 ASV pils\u0113tas jau ir izr\u0101d\u012bju\u0161as interesi par iesp\u0113ju r\u012bkot ma\u010dus 2031. gad\u0101, kad pirmo reizi kopum\u0101 tiks aizvad\u012btas 104 sp\u0113les. L\u0113mumi par stadioniem, visticam\u0101k, tiks pie\u0146emti ne agr\u0101k k\u0101 2027. gad\u0101.<\/p>\n<p>N\u0101kam\u0101 gada v\u012brie\u0161u PK fin\u0101lturn\u012br\u0101 pirmo reizi start\u0113s 64 izlases, savuk\u0101rt no 2031. gada sievie\u0161u PK dal\u012bbnie\u010du skaits tiks palielin\u0101ts no 32 l\u012bdz 48 komand\u0101m.<\/p>\n<p>ASV jau r\u012bkoja 1999. gada PK sieviet\u0113m, kad fin\u0101lturn\u012brs tika papla\u0161in\u0101ts no 12 komand\u0101m l\u012bdz 16, un 2003. gada PK, kad to SARS uzliesmojuma d\u0113\u013c nevar\u0113ja uz\u0146emt \u0136\u012bna.<\/p>\n<p>2027. gad\u0101 PK fin\u0101lturn\u012bru sieviet\u0113m r\u012bkos Braz\u012blija, bet uz 2035. gada PK ir tikai viens pieteikums &#8211; to kop\u0101 v\u0113las r\u012bkot Anglija, Skotija, Velsa un Zieme\u013c\u012brija.<\/p>\n<p>Pirmais Pasaules kauss sieviet\u0113m notika 1991. gad\u0101 \u0136\u012bn\u0101, par uzvar\u0113t\u0101j\u0101m k\u013c\u016bstot ASV futbolist\u0113m. 2023. gad\u0101 turn\u012br\u0101 triumf\u0113ja Sp\u0101nija, kas fin\u0101l\u0101 ar ar 1:0 (1:0) pieveica Angliju.<\/p>\n","protected":false},"excerpt":{"rendered":"Jau apr\u012bl\u012b Starptautisk\u0101 Futbola feder\u0101ciju asoci\u0101cija (FIFA) pazi\u0146oja, ka amerik\u0101\u0146u pieteikums ir vien\u012bgais uz 2031. gada PK sieviet\u0113m&hellip;\n","protected":false},"author":2,"featured_media":26984,"comment_status":"","ping_status":"","sticky":false,"template":"","format":"standard","meta":{"footnotes":""},"categories":[17],"tags":[2684,1375,35,39,38,36,37,34,40,67],"class_list":{"0":"post-26983","1":"post","2":"type-post","3":"status-publish","4":"format-standard","5":"has-post-thumbnail","7":"category-sports","8":"tag-fifa","9":"tag-futbols-pasaule","10":"tag-latvia","11":"tag-latvian","12":"tag-latviesu","13":"tag-latviesu-valoda","14":"tag-latviesuvaloda","15":"tag-latvija","16":"tag-lv","17":"tag-sports"},"share_on_mastodon":{"url":"","error":""},"_links":{"self":[{"href":"https:\/\/www.europesays.com\/lv\/wp-json\/wp\/v2\/posts\/26983","targetHints":{"allow":["GET"]}}],"collection":[{"href":"https:\/\/www.europesays.com\/lv\/wp-json\/wp\/v2\/posts"}],"about":[{"href":"https:\/\/www.europesays.com\/lv\/wp-json\/wp\/v2\/types\/post"}],"author":[{"embeddable":true,"href":"https:\/\/www.europesays.com\/lv\/wp-json\/wp\/v2\/users\/2"}],"replies":[{"embeddable":true,"href":"https:\/\/www.europesays.com\/lv\/wp-json\/wp\/v2\/comments?post=26983"}],"version-history":[{"count":0,"href":"https:\/\/www.europesays.com\/lv\/wp-json\/wp\/v2\/posts\/26983\/revisions"}],"wp:featuredmedia":[{"embeddable":true,"href":"https:\/\/www.europesays.com\/lv\/wp-json\/wp\/v2\/media\/26984"}],"wp:attachment":[{"href":"https:\/\/www.europesays.com\/lv\/wp-json\/wp\/v2\/media?parent=26983"}],"wp:term":[{"taxonomy":"category","embeddable":true,"href":"https:\/\/www.europesays.com\/lv\/wp-json\/wp\/v2\/categories?post=26983"},{"taxonomy":"post_tag","embeddable":true,"href":"https:\/\/www.europesays.com\/lv\/wp-json\/wp\/v2\/tags?post=26983"}],"curies":[{"name":"wp","href":"https:\/\/api.w.org\/{rel}","templated":true}]}}