{"id":26991,"date":"2025-10-21T07:27:12","date_gmt":"2025-10-21T07:27:12","guid":{"rendered":"https:\/\/www.europesays.com\/lv\/26991\/"},"modified":"2025-10-21T07:27:12","modified_gmt":"2025-10-21T07:27:12","slug":"foto-%e2%9f%a9-sliteres-nacionalaja-parka-gar-juru-pastaigajies-lacis","status":"publish","type":"post","link":"https:\/\/www.europesays.com\/lv\/26991\/","title":{"rendered":"FOTO \u27e9 Sl\u012bteres Nacion\u0101laj\u0101 park\u0101 gar j\u016bru pastaig\u0101jies l\u0101cis"},"content":{"rendered":"<p>Par to liecina l\u0101\u010da p\u0113du nospiedumi liedaga smilt\u012bs, vispirms Vaid\u0113 un p\u0113c tam ar\u012b S\u012bkrag\u0101.<\/p>\n<p>Nacion\u0101laj\u0101 park\u0101 skaidro, ka Latvij\u0101 kopum\u0101 p\u0113d\u0113jos gados ir nov\u0113rojams br\u016bn\u0101 l\u0101\u010da skaita pieaugums, tom\u0113r <a href=\"https:\/\/www.apollo.lv\/term\/556993\/kurzeme\" class=\"topicLink\" target=\"_blank\" rel=\"nofollow noopener\">Kurzem\u0113<\/a> tas aizvien ir \u013coti reti sastopams dz\u012bvnieks. \u0160is ir tikai ceturtais zin\u0101mais br\u016bn\u0101 l\u0101\u010da nov\u0113rojums Sl\u012bteres Nacion\u0101laj\u0101 park\u0101. Iepriek\u0161 tas ir nov\u0113rots divas reizes &#8211; 1984. gad\u0101 un 2006. gad\u0101. Toreiz abos gad\u012bjumos tas \u0161eit ir uztur\u0113jies vien da\u017eas dienas, jau dr\u012bz aizklejojot t\u0101l\u0101k.<\/p>\n<p>Savuk\u0101rt 2018. gad\u0101 liedag\u0101 starp U\u0161iem un \u0112va\u017eiem tika atrasts miris, ac\u012bmredzot nosl\u012bcis <a href=\"https:\/\/www.apollo.lv\/term\/579606\/lacis\" class=\"topicLink\" target=\"_blank\" rel=\"nofollow noopener\">l\u0101cis<\/a>.<\/p>\n","protected":false},"excerpt":{"rendered":"Par to liecina l\u0101\u010da p\u0113du nospiedumi liedaga smilt\u012bs, vispirms Vaid\u0113 un p\u0113c tam ar\u012b S\u012bkrag\u0101. Nacion\u0101laj\u0101 park\u0101 skaidro,&hellip;\n","protected":false},"author":2,"featured_media":26992,"comment_status":"","ping_status":"","sticky":false,"template":"","format":"standard","meta":{"footnotes":""},"categories":[12],"tags":[23,28,29,32,33,22,1502,1227,30,31,35,39,38,36,37,34,40,20,26,27,24,25,21],"class_list":{"0":"post-26991","1":"post","2":"type-post","3":"status-publish","4":"format-standard","5":"has-post-thumbnail","7":"category-latvija","8":"tag-aktualitates","9":"tag-breaking-news","10":"tag-breakingnews","11":"tag-featured-news","12":"tag-featurednews","13":"tag-headlines","14":"tag-kurzeme","15":"tag-lacis","16":"tag-latest-news","17":"tag-latestnews","18":"tag-latvia","19":"tag-latvian","20":"tag-latviesu","21":"tag-latviesu-valoda","22":"tag-latviesuvaloda","23":"tag-latvija","24":"tag-lv","25":"tag-news","26":"tag-popularakas-zinas","27":"tag-popularakaszinas","28":"tag-top-stories","29":"tag-topstories","30":"tag-zinas"},"share_on_mastodon":{"url":"","error":""},"_links":{"self":[{"href":"https:\/\/www.europesays.com\/lv\/wp-json\/wp\/v2\/posts\/26991","targetHints":{"allow":["GET"]}}],"collection":[{"href":"https:\/\/www.europesays.com\/lv\/wp-json\/wp\/v2\/posts"}],"about":[{"href":"https:\/\/www.europesays.com\/lv\/wp-json\/wp\/v2\/types\/post"}],"author":[{"embeddable":true,"href":"https:\/\/www.europesays.com\/lv\/wp-json\/wp\/v2\/users\/2"}],"replies":[{"embeddable":true,"href":"https:\/\/www.europesays.com\/lv\/wp-json\/wp\/v2\/comments?post=26991"}],"version-history":[{"count":0,"href":"https:\/\/www.europesays.com\/lv\/wp-json\/wp\/v2\/posts\/26991\/revisions"}],"wp:featuredmedia":[{"embeddable":true,"href":"https:\/\/www.europesays.com\/lv\/wp-json\/wp\/v2\/media\/26992"}],"wp:attachment":[{"href":"https:\/\/www.europesays.com\/lv\/wp-json\/wp\/v2\/media?parent=26991"}],"wp:term":[{"taxonomy":"category","embeddable":true,"href":"https:\/\/www.europesays.com\/lv\/wp-json\/wp\/v2\/categories?post=26991"},{"taxonomy":"post_tag","embeddable":true,"href":"https:\/\/www.europesays.com\/lv\/wp-json\/wp\/v2\/tags?post=26991"}],"curies":[{"name":"wp","href":"https:\/\/api.w.org\/{rel}","templated":true}]}}