{"id":26999,"date":"2025-10-21T07:38:07","date_gmt":"2025-10-21T07:38:07","guid":{"rendered":"https:\/\/www.europesays.com\/lv\/26999\/"},"modified":"2025-10-21T07:38:07","modified_gmt":"2025-10-21T07:38:07","slug":"atlantas-lidosta-noversta-masu-apsaude","status":"publish","type":"post","link":"https:\/\/www.europesays.com\/lv\/26999\/","title":{"rendered":"Atlantas lidost\u0101 nov\u0113rsta masu ap\u0161aude"},"content":{"rendered":"<p>Amatpersonas nor\u0101d\u012bja, ka policijai izdev\u0101s nov\u0113rst potenci\u0101li lielu tra\u0123\u0113diju.<\/p>\n<p>49 gadus vecais Bilijs D\u017eo Keigls tika aiztur\u0113ts lidost\u0101, un policija vi\u0146a automa\u0161\u012bn\u0101 atrada \u0161auteni AR-15 un mun\u012bciju.<\/p>\n<p>Policiju par pl\u0101noto uzbrukumu br\u012bdin\u0101ja aiztur\u0113t\u0101 \u0123imenes locek\u013ci, kas bija nojautu\u0161i ko nel\u0101gu. Keigls soci\u0101lajos t\u012bklos bija zi\u0146ojis, ka pl\u0101no sar\u012bkot ap\u0161audi.<\/p>\n<p>&#8220;M\u0113s \u0161odien varam j\u016bs inform\u0113t par pan\u0101kumiem, nevis tra\u0123\u0113diju, jo \u0123imene kaut ko paman\u012bja un pateica,&#8221; nor\u0101d\u012bja policija, atkl\u0101jot, ka \u0123imenes locek\u013ci ar\u012b inform\u0113ju\u0161i policiju, ka v\u012brietim ir \u0161autene.<\/p>\n<p>Vi\u0146\u0161 pl\u0101noja nodar\u012bt kait\u0113jumu p\u0113c iesp\u0113jas liel\u0101kam cilv\u0113ku skaitam, pazi\u0146oja policija.<\/p>\n<p>Keigls aps\u016bdz\u0113ts par terora draudu izteik\u0161anu un m\u0113\u0123in\u0101jumu pastr\u0101d\u0101t uzbrukumu ar \u0161aujamieroci.<\/p>\n","protected":false},"excerpt":{"rendered":"Amatpersonas nor\u0101d\u012bja, ka policijai izdev\u0101s nov\u0113rst potenci\u0101li lielu tra\u0123\u0113diju. 49 gadus vecais Bilijs D\u017eo Keigls tika aiztur\u0113ts lidost\u0101,&hellip;\n","protected":false},"author":2,"featured_media":27000,"comment_status":"","ping_status":"","sticky":false,"template":"","format":"standard","meta":{"footnotes":""},"categories":[14],"tags":[23,3035,57,292,28,29,32,33,22,30,31,35,39,38,36,37,34,426,40,20,26,27,24,25,54,55,56,21,58],"class_list":{"0":"post-26999","1":"post","2":"type-post","3":"status-publish","4":"format-standard","5":"has-post-thumbnail","7":"category-zinas-no-arvalstim","8":"tag-aktualitates","9":"tag-apsaude","10":"tag-arvalstim","11":"tag-asv","12":"tag-breaking-news","13":"tag-breakingnews","14":"tag-featured-news","15":"tag-featurednews","16":"tag-headlines","17":"tag-latest-news","18":"tag-latestnews","19":"tag-latvia","20":"tag-latvian","21":"tag-latviesu","22":"tag-latviesu-valoda","23":"tag-latviesuvaloda","24":"tag-latvija","25":"tag-lidosta","26":"tag-lv","27":"tag-news","28":"tag-popularakas-zinas","29":"tag-popularakaszinas","30":"tag-top-stories","31":"tag-topstories","32":"tag-world","33":"tag-world-news","34":"tag-worldnews","35":"tag-zinas","36":"tag-zinas-no-arvalstim"},"share_on_mastodon":{"url":"","error":""},"_links":{"self":[{"href":"https:\/\/www.europesays.com\/lv\/wp-json\/wp\/v2\/posts\/26999","targetHints":{"allow":["GET"]}}],"collection":[{"href":"https:\/\/www.europesays.com\/lv\/wp-json\/wp\/v2\/posts"}],"about":[{"href":"https:\/\/www.europesays.com\/lv\/wp-json\/wp\/v2\/types\/post"}],"author":[{"embeddable":true,"href":"https:\/\/www.europesays.com\/lv\/wp-json\/wp\/v2\/users\/2"}],"replies":[{"embeddable":true,"href":"https:\/\/www.europesays.com\/lv\/wp-json\/wp\/v2\/comments?post=26999"}],"version-history":[{"count":0,"href":"https:\/\/www.europesays.com\/lv\/wp-json\/wp\/v2\/posts\/26999\/revisions"}],"wp:featuredmedia":[{"embeddable":true,"href":"https:\/\/www.europesays.com\/lv\/wp-json\/wp\/v2\/media\/27000"}],"wp:attachment":[{"href":"https:\/\/www.europesays.com\/lv\/wp-json\/wp\/v2\/media?parent=26999"}],"wp:term":[{"taxonomy":"category","embeddable":true,"href":"https:\/\/www.europesays.com\/lv\/wp-json\/wp\/v2\/categories?post=26999"},{"taxonomy":"post_tag","embeddable":true,"href":"https:\/\/www.europesays.com\/lv\/wp-json\/wp\/v2\/tags?post=26999"}],"curies":[{"name":"wp","href":"https:\/\/api.w.org\/{rel}","templated":true}]}}