{"id":270118,"date":"2026-08-15T19:45:10","date_gmt":"2026-08-15T19:45:10","guid":{"rendered":"https:\/\/www.europesays.com\/lv\/270118\/"},"modified":"2026-08-15T19:45:10","modified_gmt":"2026-08-15T19:45:10","slug":"miks-sumahers-izlemis-palikt-indycar-cempionata-f1lv-blogs","status":"publish","type":"post","link":"https:\/\/www.europesays.com\/lv\/270118\/","title":{"rendered":"Miks \u0160\u016bmahers izl\u0113mis palikt &#8216;IndyCar&#8217; \u010dempion\u0101t\u0101 : F1LV Blogs"},"content":{"rendered":"<p>V\u0101cu autosportists Miks \u0160\u016bmahers apstiprin\u0101jis savu ap\u0146\u0113m\u012bbu turpin\u0101t karjeru \u201cIndyCar\u201d sac\u012bkst\u0113s, pazi\u0146ojot, ka ir \u201c\u0161eit, lai paliktu\u201d.<\/p>\n<p>Ne\u0161vilas supersp\u012bdvej\u0101 notiku\u0161aj\u0101 posm\u0101 sportistam pirmo reizi karjer\u0101 izdev\u0101s iek\u013c\u016bt \u201cTop 10\u201d, izc\u012bnot astoto vietu. \u0160\u016bmahers atzina, ka \u0161is rezult\u0101ts beidzot par\u0101d\u012bja vi\u0146a un \u201cRahal Letterman Lanigan Racing\u201d patieso potenci\u0101lu.<\/p>\n<p>Piedaloties podk\u0101st\u0101 \u201cSpeed Street\u201d, \u0160\u016bmahers koment\u0113ja savu debijas sezonu un pirmo \u201ct\u012bro\u201d sac\u012bksti. \u201cEs dom\u0101ju, ka t\u0101 vienk\u0101r\u0161i bija pirm\u0101 reize, kad mums bija t\u012bras sac\u012bkstes,\u201d teica biju\u0161ais F1 pilots. \u201cMums nebija nek\u0101du pistoles k\u013c\u016bmju, nebija nek\u0101du probl\u0113mu boksos, nebija nek\u0101du kontaktu vai kaut k\u0101 cita, kas bija piedz\u012bvots iepriek\u0161.\u201d<\/p>\n<p>V\u0101cietis ar\u012b nor\u0101d\u012bja, ka ov\u0101lu sac\u012bkstes labi sader ar vi\u0146a brauk\u0161anas stilu. \u201cOv\u0101li visp\u0101r dro\u0161i vien nedaudz vair\u0101k atbilst manam stilam,\u201d par sp\u012bti \u0161\u0101du tra\u0161u b\u012bstam\u012bbai, atzina \u0160\u016bmahers.<\/p>\n<p>Run\u0101jot par l\u012bdz\u0161in\u0113j\u0101s sezonas gr\u016bt\u012bb\u0101m, tostarp pirmaj\u0101 posm\u0101 Sanp\u012bterb\u0113rg\u0101 g\u016bto rokas traumu, \u0160\u016bmahers atkl\u0101ja: \u201cEs nesu l\u012bdzi savainojumus vair\u0101k\u0101s viet\u0101s, un tas nepal\u012bdz. Es tie\u0161\u0101m, tie\u0161\u0101m m\u012blu \u201cIndyCar\u201d, un es esmu \u0161eit, lai paliktu.\u201d<\/p>\n<p>V\u0113rt\u0113jot savu n\u0101kotni un iesp\u0113jam\u0101s sarunas ar cit\u0101m komand\u0101m, \u0160\u016bmahers nor\u0101d\u012bja uz cilv\u0113cisk\u0101 faktora noz\u012bmi. \u201cK\u0101 autosac\u012bk\u0161u brauc\u0113jam man ir svar\u012bga ne tikai ma\u0161\u012bna, bet, manupr\u0101t, v\u0113l vair\u0101k ar\u012b cilv\u0113cisk\u0101s saiknes. T\u0101 b\u016bs liel\u0101ka da\u013ca no l\u0113mumu pie\u0146em\u0161anas nek\u0101 tikai m\u0113\u0123in\u0101t atrast to vienu s\u0113dekli, kur\u0101 es var\u0113tu vienk\u0101r\u0161i izcelties snieguma zi\u0146\u0101,\u201d sac\u012bja \u0160\u016bmahers, kur\u0161 kopv\u0113rt\u0113jum\u0101 ie\u0146em 24. poz\u012bciju.<\/p>\n","protected":false},"excerpt":{"rendered":"V\u0101cu autosportists Miks \u0160\u016bmahers apstiprin\u0101jis savu ap\u0146\u0113m\u012bbu turpin\u0101t karjeru \u201cIndyCar\u201d sac\u012bkst\u0113s, pazi\u0146ojot, ka ir \u201c\u0161eit, lai paliktu\u201d. Ne\u0161vilas&hellip;\n","protected":false},"author":2,"featured_media":270119,"comment_status":"","ping_status":"","sticky":false,"template":"","format":"standard","meta":{"footnotes":"","_share_on_mastodon":"0"},"categories":[17],"tags":[35,39,38,36,37,34,40,30712,67],"class_list":["post-270118","post","type-post","status-publish","format-standard","has-post-thumbnail","category-sports","tag-latvia","tag-latvian","tag-latviesu","tag-latviesu-valoda","tag-latviesuvaloda","tag-latvija","tag-lv","tag-miks-sumahers","tag-sports"],"share_on_mastodon":{"url":"https:\/\/pubeurope.com\/@lv\/117101246804312545","error":""},"_links":{"self":[{"href":"https:\/\/www.europesays.com\/lv\/wp-json\/wp\/v2\/posts\/270118","targetHints":{"allow":["GET"]}}],"collection":[{"href":"https:\/\/www.europesays.com\/lv\/wp-json\/wp\/v2\/posts"}],"about":[{"href":"https:\/\/www.europesays.com\/lv\/wp-json\/wp\/v2\/types\/post"}],"author":[{"embeddable":true,"href":"https:\/\/www.europesays.com\/lv\/wp-json\/wp\/v2\/users\/2"}],"replies":[{"embeddable":true,"href":"https:\/\/www.europesays.com\/lv\/wp-json\/wp\/v2\/comments?post=270118"}],"version-history":[{"count":0,"href":"https:\/\/www.europesays.com\/lv\/wp-json\/wp\/v2\/posts\/270118\/revisions"}],"wp:featuredmedia":[{"embeddable":true,"href":"https:\/\/www.europesays.com\/lv\/wp-json\/wp\/v2\/media\/270119"}],"wp:attachment":[{"href":"https:\/\/www.europesays.com\/lv\/wp-json\/wp\/v2\/media?parent=270118"}],"wp:term":[{"taxonomy":"category","embeddable":true,"href":"https:\/\/www.europesays.com\/lv\/wp-json\/wp\/v2\/categories?post=270118"},{"taxonomy":"post_tag","embeddable":true,"href":"https:\/\/www.europesays.com\/lv\/wp-json\/wp\/v2\/tags?post=270118"}],"curies":[{"name":"wp","href":"https:\/\/api.w.org\/{rel}","templated":true}]}}