{"id":27022,"date":"2025-10-21T08:12:16","date_gmt":"2025-10-21T08:12:16","guid":{"rendered":"https:\/\/www.europesays.com\/lv\/27022\/"},"modified":"2025-10-21T08:12:16","modified_gmt":"2025-10-21T08:12:16","slug":"pirma-liela-uzvara-pc-dusmas-un-la-2028-sapni-ritenbrauksana-sportacentrs-com","status":"publish","type":"post","link":"https:\/\/www.europesays.com\/lv\/27022\/","title":{"rendered":"pirm\u0101 liel\u0101 uzvara, P\u010c dusmas un LA 2028 sap\u0146i \u2013 Rite\u0146brauk\u0161ana \u2013 Sportacentrs.com"},"content":{"rendered":"<p>Ir da\u017ei sportisti, kuri apsveikumus par desmito vietu nepie\u0146em, neskatoties uz to, k\u0101di biju\u0161i apst\u0101k\u013ci un cik augstv\u0113rt\u012bga uz kop\u0113j\u0101 fona ir \u0161\u012b desmit\u0101 vieta. Georga Tjumina izc\u012bn\u012bt\u0101 10. vieta Eiropas \u010dempion\u0101t\u0101 \u0161osejas rite\u0146brauk\u0161an\u0101 grupas braucien\u0101 ir viens no Latvijas junioru visu laiku lab\u0101kajiem rezult\u0101tiem, v\u0113sta LRF, turkl\u0101t vi\u0146\u0161 to sasniedza tikai da\u017eas dienas p\u0113c s\u0101p\u012bga kritiena pasaules \u010dempion\u0101t\u0101. Ta\u010du desmit\u0101 vieta nav pirm\u0101 un pat ne meda\u013ca, t\u0101p\u0113c vi\u0146\u0161 tom\u0113r aicin\u0101ja apsveikumus pagaid\u0101m pietaup\u012bt.<\/p>\n<p>&#8220;God\u012bgi j\u0101saka, ka nebiju pats priec\u012bg\u0101kais p\u0113c Eiropas \u010dempion\u0101ta,&#8221; sac\u012bja Tjumins. &#8220;Skaidrs, ka tur bija sare\u017e\u0123\u012bti apst\u0101k\u013ci, pasaules \u010dempion\u0101t\u0101 iepriek\u0161 nebija g\u0101jis tik labi, tad nu uzreiz p\u0113c E\u010c fini\u0161a saj\u016btas labas, un t\u0101 desmit\u0101 vieta lik\u0101s gandr\u012bz vai k\u0101 trijnieks. Ta\u010du, kad t\u0101s pirm\u0101s saj\u016btas p\u0101rg\u0101ju, sapratu, ka var\u0113ju paveikt vair\u0101k. \u0160oreiz apst\u0101k\u013ci t\u0101 iegroz\u012bj\u0101s, bet n\u0101kamreiz var\u0113\u0161u t\u0113m\u0113t augst\u0101k.&#8221;<\/p>\n<p>Pasaules \u010dempion\u0101t\u0101 Ruand\u0101 Tjumins ieguva 24. vietu individu\u0101laj\u0101 braucien\u0101, bet grupas braucien\u0101, uz ko tika liktas liel\u0101kas cer\u012bbas, izst\u0101j\u0101s, jo cieta kritien\u0101. Tika zi\u0146ots, ka p\u0113c tam sekojis ar\u012b slimn\u012bcas apmekl\u0113jums, un tobr\u012bd m\u0101ko\u0146i z\u012bm\u0113j\u0101s pavisam meln\u0101s kr\u0101s\u0101s, sak, P\u010c junioriem, ko Tjumins pats bija uzst\u0101d\u012bjis k\u0101 savu sezonas galveno m\u0113r\u0137i, jau saboj\u0101ts, bet p\u0113c da\u017e\u0101m dien\u0101m jau gaid\u0101ms Eiropas \u010dempion\u0101ts.<\/p>\n<p>&#8220;Tas bija princip\u0101 vienk\u0101r\u0161s sac\u012bk\u0161u negad\u012bjums, kas diem\u017e\u0113l ir norm\u0101la lieta. Neviens tur nebija vain\u012bgs vai taml\u012bdz\u012bgi, vienk\u0101r\u0161i tobr\u012bd viens otru neredz\u0113j\u0101m,&#8221; skaidroja Tjumins. &#8220;Neveiksm\u012bgi nokritu un nevar\u0113ju turpin\u0101t, jo biju sasitis elkoni. T\u0101 do\u0161an\u0101s uz slimn\u012bcu gan vair\u0101k bija piesardz\u012bbas nol\u016bkos, p\u0101rbaud\u012bja, vai nav nekas lauzts. Bet nu sekas palika t\u0101pat, un elko\u0146a trauma iespaidoja gatavo\u0161anos Eiropas \u010dempion\u0101tam, s\u0101pes t\u0101pat palika. Ar Latvijas izlases kolekt\u012bva pal\u012bdz\u012bbu viss tom\u0113r san\u0101ca, vi\u0146i sniedza man lielu pal\u012bdz\u012bbu, un var\u0113ju sekm\u012bgi sagatavoties startam.&#8221;<\/p>\n<p>&#8220;Protams, biju daudz dusmu,&#8221; atmin\u0113j\u0101s Latvijas jaunais rite\u0146brauc\u0113js. &#8220;Visu sezonu str\u0101d\u0101ts ar domu par vien\u0101m sacens\u012bb\u0101m, jutu, ka esmu sasniedzis labu sportisko formu, jutu, ka varu \u013coti labi nobraukt. Bet tad izst\u0101\u0161an\u0101s. Skaidrs, ka bija dusmas. Ta\u010du centos fokus\u0113ties jau n\u0101kamaj\u0101m sacens\u012bb\u0101m. Centos dusmas un negat\u012bv\u0101s emocijas apsl\u0101p\u0113t un ar p\u0113c iesp\u0113jas v\u0113s\u0101ku pr\u0101tu noska\u0146oties Eiropas \u010dempion\u0101tam. Tas ar\u012b bija individu\u0101ls p\u0101rbaud\u012bjums un pieredze. Beigu beig\u0101s, par E\u010c paveikto esmu apmierin\u0101ts.&#8221;<\/p>\n<p>Ar\u012b par visu 2025. gada sezonu kopum\u0101 Tjumins izsak\u0101s ar prieku. \u0160\u012b vi\u0146am bija pirm\u0101 &#8220;Grenke &#8211; Auto Eder&#8221; komandas sast\u0101v\u0101. T\u0101 ir elites l\u012bme\u0146a komandas &#8220;Red Bull &#8211; Bora &#8211; hansgrohe&#8221; sist\u0113mas da\u013ca. Tjumins sav\u0101 jaunaj\u0101 komand\u0101 aizvad\u012bja pilnu starptautisko sezonu, kr\u0101jot sol\u012bdus pan\u0101kumus laba l\u012bme\u0146a sacens\u012bb\u0101s, kas kulmin\u0113j\u0101s ar uzvaru &#8220;Trofeo Emilio Paganessi&#8221; vienas dienas velobraucien\u0101 It\u0101lij\u0101 31. august\u0101. T\u0101 bija vi\u0146a pirm\u0101 uzvara UCI l\u012bme\u0146a velobraucien\u0101.<\/p>\n<p>&#8220;Ja t\u0101 sal\u012bdzina, k\u0101das bija manas cer\u012bbas un gaidas sezonas s\u0101kum\u0101 un kas beig\u0101s san\u0101ca, tad gribu teikt, ka sezonas izn\u0101kums ir izcils,&#8221; sac\u012bja Tjumins. &#8220;Nebiju gaid\u012bjis nevienu uzvaru, cer\u0113ju, ka varb\u016bt izdosies vienreiz iebraukt &#8220;Top5&#8243;. Bet str\u0101d\u0101ju, tren\u0113jos, braucu un sezonas vid\u016b sapratu, ka varu izc\u012bn\u012bties ar\u012b augst\u0101k. Pieradu pie darba jaunaj\u0101 komand\u0101. Nevar teikt, ka p\u0113k\u0161\u0146i biju iemests jaun\u0101 realit\u0101t\u0113, daudzas lietas treni\u0146proces\u0101 tom\u0113r notiek t\u0101pat, ta\u010du viss ir profesion\u0101l\u0101ks un l\u012bmeni augst\u0101ks, turkl\u0101t ir skaidrs, ka ar\u012b no tevis gaida labu l\u012bmeni sacens\u012bb\u0101s.&#8221;<\/p>\n<p>Aicin\u0101ts s\u012bk\u0101k past\u0101st\u012bt par saj\u016bt\u0101m 31. augusta sacens\u012bb\u0101s, Georgs atzina, ka gr\u016bti v\u0101rdos aprakst\u012bt \u0161o apm\u0113ram tr\u012bs stundas ilgo braucienu, kas nosl\u0113dz\u0101s ar vi\u0146a fini\u0161u p\u0101rliecino\u0161a l\u012bdera status\u0101.<\/p>\n<p>&#8220;Varu pateikt, ka to gonku es izbaud\u012bju no s\u0101kuma l\u012bdz beig\u0101m. Es reti t\u0101 j\u016btos sacens\u012bb\u0101s,&#8221; st\u0101st\u012bja Tjumins. &#8220;Bija t\u0101, ka It\u0101lijas sportists bija atr\u0101vien\u0101 priek\u0161\u0101, ta\u010du vien\u0101 k\u0101pum\u0101 es aizg\u0101ju prom no p\u0101r\u0113j\u0101s grupas un pan\u0101cu vi\u0146u. Kad brauc\u0101m kop\u0101, es jau jutu, ka man ir sp\u0113ku p\u0101rsvars. K\u0101 to var sajust? Zin k\u0101, kad brauc divat\u0101 atr\u0101vien\u0101, tad br\u012bdi viens ir priek\u0161\u0101 un pavelk, kam\u0113r otrs nedaudz atp\u016b\u0161as, bet p\u0113c tam main\u0101s lom\u0101m. Kad vi\u0146\u0161 bija priek\u0161\u0101, tad mums tas temps bija zem\u0101ks. Kam\u0113r, kad es biju priek\u0161\u0101, tad m\u016bsu temps tika k\u0101pin\u0101ts. T\u0101d\u0113\u013c jutu, ka man ir visi varianti v\u0113l vienam atr\u0101vienam, tas ar\u012b izdev\u0101s, un t\u0101l\u0101k braucu viens. Nu, un kaut kur\u0101 br\u012bd\u012b sapratu, ka, j\u0101, \u0161\u012b ir uzvara, ja vien p\u0113k\u0161\u0146i velosip\u0113ds neizj\u016bk zem k\u0101j\u0101m. Jau k\u0101dus 5-6 kilometrus pirms fini\u0161a zin\u0101ju, ka b\u016b\u0161u pirmais.&#8221;<\/p>\n<p>&#8220;Vai atceros, ko sajutu, \u0161\u0137\u0113rsojot fini\u0161a l\u012bniju? Vispirms bija liels atvieglojums un tikai p\u0113c tam prieki,&#8221; sac\u012bja Tjumins. &#8220;K\u0101 jau teicu, mums komand\u0101 tika sagaid\u012bts augsts l\u012bmenis, un vair\u0101kiem komandas biedriem \u0161osezon jau bija uzvaras. Nebija gan t\u0101, ka biju piln\u012bb\u0101 nepier\u0101d\u012bjis sevi, bija tom\u0113r sasniegti vair\u0101ki goda pjedest\u0101li, ta\u010du pirm\u0101s uzvaras v\u0113l nebiju. Biju to ilgi gaid\u012bjis, biju uz to g\u0101jis un br\u012bd\u012b, kad to sasniedzu, bija atvieglojums, ka \u0161is m\u0113r\u0137is ir piepild\u012bts.&#8221;<\/p>\n<p>N\u0101kamaj\u0101 sezon\u0101 Tjumins sagaida to pa\u0161u un v\u0113l vair\u0101k. Vi\u0146\u0161 noteikti ir noska\u0146ots turpin\u0101t p\u0101rst\u0101v\u0113t &#8220;Grenke &#8211; Auto Eder&#8221; komandu, vi\u0146\u0161 to v\u0113l\u0113tos dar\u012bt vismaz l\u012bdz U23 vecuma l\u012bmenim un att\u012bst\u012bties, lai var\u0113tu start\u0113t kop\u0101 ar vislab\u0101kajiem profesion\u0101laj\u0101 l\u012bmen\u012b: &#8220;T\u0101du specifisku karjeras m\u0113r\u0137u gan man nav, ko tagad nosaukt. Vispirms j\u0101tiek l\u012bdz profiem. K\u0101du es izt\u0113lojos savu ce\u013cu un vietu profesion\u0101\u013cu vid\u016b? Ja viss izdosies, es var\u0113tu b\u016bt l\u012bdz\u012bga tipa brauc\u0113js k\u0101 Toms Skuji\u0146\u0161 &#8211; univers\u0101lis, kur\u0161 var visu salikt kop\u0101. Protams, sasniegt Skuji\u0146a l\u012bmeni, tas b\u016btu izcili.&#8221;<\/p>\n<p>Georgs ar\u012b izc\u0113la, ka Latvijas vado\u0161ais rite\u0146brauc\u0113js Skuji\u0146\u0161 ir vi\u0146am un citiem Latvijas jaunajiem rite\u0146brauc\u0113jiem sniedzis noz\u012bm\u012bgu un da\u017e\u0101da veida pal\u012bdz\u012bbu: &#8220;Vi\u0146\u0161 nekad neatsaka padomu, vienm\u0113r sniedz labus ieteikumus. Vi\u0146\u0161 pats atbalsta Latvijas izlases jaunie\u0161u programmas. Nu, v\u0113l jau ment\u0101lais faktors &#8211; ja redzi rite\u0146brauc\u0113ju no Latvijas, kur\u0161 izsities tik augst\u0101 l\u012bme\u0146i profesion\u0101\u013cos, tas dod motiv\u0101ciju tev pa\u0161am. T\u0101pat ar\u012b vi\u0146a pan\u0101kumi populariz\u0113 visu Latvijas rite\u0146brauk\u0161anu, noteikti izj\u016btu, ka starptautiskaj\u0101 rite\u0146brauk\u0161anas ar\u0113n\u0101 Latvijai ir savs v\u0101rds.&#8221;<\/p>\n<p>Skuji\u0146\u0161 k\u0101 savu n\u0101kamo lielo m\u0113r\u0137i nesl\u0113pj Losand\u017eelosas olimpisk\u0101s sp\u0113les 2028. gad\u0101. Latvijas rite\u0146brauc\u0113jiem b\u016bs k\u0101rt\u012bgi j\u0101pac\u012bn\u0101s, lai tiktu pie otras kvotas grupas braucien\u0101, t\u0101p\u0113c ar\u012b Tjumins, kuram LA 2028 laik\u0101 tikko b\u016bs aprit\u0113ju\u0161i 20 gadi, par potenci\u0101lo OS debiju izteic\u0101s \u013coti piesardz\u012bgi: &#8220;Losand\u017eelosa ir viens no maniem sap\u0146iem, to es nenolieg\u0161u. Ta\u010du v\u0113l daudz j\u0101str\u0101d\u0101, daudz j\u0101pilnveidojas un pa\u0161am j\u0101att\u012bst\u0101s. Vispirms j\u0101paveic savas lietas, tad ar\u012b var\u0113s dom\u0101t, vai izdosies olimpisk\u0101s sp\u0113les sasniegt jau Losand\u017eelos\u0101 vai tom\u0113r t\u0101l\u0101k\u0101 n\u0101kotn\u0113.&#8221;<\/p>\n","protected":false},"excerpt":{"rendered":"Ir da\u017ei sportisti, kuri apsveikumus par desmito vietu nepie\u0146em, neskatoties uz to, k\u0101di biju\u0161i apst\u0101k\u013ci un cik augstv\u0113rt\u012bga&hellip;\n","protected":false},"author":2,"featured_media":27023,"comment_status":"","ping_status":"","sticky":false,"template":"","format":"standard","meta":{"footnotes":""},"categories":[17],"tags":[35,39,38,36,37,34,40,462,67],"class_list":{"0":"post-27022","1":"post","2":"type-post","3":"status-publish","4":"format-standard","5":"has-post-thumbnail","7":"category-sports","8":"tag-latvia","9":"tag-latvian","10":"tag-latviesu","11":"tag-latviesu-valoda","12":"tag-latviesuvaloda","13":"tag-latvija","14":"tag-lv","15":"tag-ritenbrauksana","16":"tag-sports"},"share_on_mastodon":{"url":"","error":""},"_links":{"self":[{"href":"https:\/\/www.europesays.com\/lv\/wp-json\/wp\/v2\/posts\/27022","targetHints":{"allow":["GET"]}}],"collection":[{"href":"https:\/\/www.europesays.com\/lv\/wp-json\/wp\/v2\/posts"}],"about":[{"href":"https:\/\/www.europesays.com\/lv\/wp-json\/wp\/v2\/types\/post"}],"author":[{"embeddable":true,"href":"https:\/\/www.europesays.com\/lv\/wp-json\/wp\/v2\/users\/2"}],"replies":[{"embeddable":true,"href":"https:\/\/www.europesays.com\/lv\/wp-json\/wp\/v2\/comments?post=27022"}],"version-history":[{"count":0,"href":"https:\/\/www.europesays.com\/lv\/wp-json\/wp\/v2\/posts\/27022\/revisions"}],"wp:featuredmedia":[{"embeddable":true,"href":"https:\/\/www.europesays.com\/lv\/wp-json\/wp\/v2\/media\/27023"}],"wp:attachment":[{"href":"https:\/\/www.europesays.com\/lv\/wp-json\/wp\/v2\/media?parent=27022"}],"wp:term":[{"taxonomy":"category","embeddable":true,"href":"https:\/\/www.europesays.com\/lv\/wp-json\/wp\/v2\/categories?post=27022"},{"taxonomy":"post_tag","embeddable":true,"href":"https:\/\/www.europesays.com\/lv\/wp-json\/wp\/v2\/tags?post=27022"}],"curies":[{"name":"wp","href":"https:\/\/api.w.org\/{rel}","templated":true}]}}