{"id":270246,"date":"2026-08-16T04:13:10","date_gmt":"2026-08-16T04:13:10","guid":{"rendered":"https:\/\/www.europesays.com\/lv\/270246\/"},"modified":"2026-08-16T04:13:10","modified_gmt":"2026-08-16T04:13:10","slug":"baltijas-cempionata-izcina-divus-zeltus","status":"publish","type":"post","link":"https:\/\/www.europesays.com\/lv\/270246\/","title":{"rendered":"Baltijas \u010dempion\u0101t\u0101 izc\u012bna divus zeltus"},"content":{"rendered":"<p><img fetchpriority=\"high\" decoding=\"async\" width=\"793\" height=\"1024\" src=\"https:\/\/www.europesays.com\/lv\/wp-content\/uploads\/2026\/08\/Andris-Dainis-2-793x1024.jpg\" alt=\"\" class=\"wp-image-1011027\"  \/>Baltijas atkl\u0101taj\u0101 \u010dempion\u0101t\u0101 P\u0113rnav\u0101 (Igaunij\u0101) Valkas novada pieredz\u0113ju\u0161ais vieglatl\u0113ts, kaisl\u012bgs sl\u0113pot\u0101js un vesel\u012bga dz\u012bvesveida piekrit\u0113js Andris Dainis (no lab\u0101s) 800 metru skr\u0113jien\u0101 izc\u012bn\u012bja zelta meda\u013cu, aiz sevis atst\u0101jot sportistu no Sp\u0101nijas.<br \/>FOTO: NO PERSON\u012aG\u0100 ARH\u012aVA<\/p>\n<p class=\"wp-block-paragraph\">Aizvad\u012btaj\u0101s br\u012bvdien\u0101s Igaunijas pils\u0113t\u0101 P\u0113rnav\u0101 notika Baltijas atkl\u0101tais \u010dempion\u0101ts vieglatl\u0113tik\u0101 vecmeistariem jeb veter\u0101niem. \u010cempion\u0101t\u0101 Valkas novadu un Latviju, start\u0113jot V75 vecuma grup\u0101, p\u0101rst\u0101v\u0113ja un lieliskus sportiskos sasniegumus uzr\u0101d\u012bja valc\u0113nietis, pieredz\u0113ju\u0161ais vieglatl\u0113ts Andris Dainis.<\/p>\n<p class=\"wp-block-paragraph\">A. Dainis aizvad\u012bja \u013coti veiksm\u012bgas sacens\u012bbas, izc\u012bnot divas zelta meda\u013cas \u2012 800 metru skr\u0113jien\u0101 vi\u0146\u0161 k\u013cuva par \u010dempionu, aiz sevis atst\u0101jot Sp\u0101nijas sportistu. Savuk\u0101rt 5000 metru distanc\u0113 sportists izc\u012bn\u012bja v\u0113l vienu uzvaru, p\u0101rsp\u0113jot Izra\u0113las sportistu. \u0160aj\u0101 \u010dempion\u0101t\u0101 pulc\u0113j\u0101s seniori no Baltijas un cit\u0101m pasaules viet\u0101m, kopum\u0101 p\u0101rst\u0101vot 15 valstis. Latviju \u010dempion\u0101t\u0101 p\u0101rst\u0101v\u0113ja vair\u0101k nek\u0101 100 dal\u012bbnieku.<\/p>\n<p class=\"wp-block-paragraph\">Sarun\u0101 ar \u201cZieme\u013clatviju\u201d Andris st\u0101sta, ka Baltijas valstu veter\u0101niem \u0161\u012bs sacens\u012bbas ir pa\u0161as presti\u017e\u0101k\u0101s. N\u0101kam\u0101s aiz t\u0101m ir Eiropas un Pasaules \u010dempion\u0101ts gan ziem\u0101, gan vasar\u0101. A. Dainis katru ziemu piedal\u0101s ar\u012b slavenaj\u0101 Tartu sl\u0113po\u0161anas maraton\u0101.<\/p>\n<p class=\"wp-block-paragraph\">\u201c\u0160oreiz \u010dempion\u0101tu organiz\u0113ja Igaunija. Sacens\u012bbas bija noorganiz\u0113tas tie\u0161\u0101m augst\u0101 l\u012bmen\u012b. Igau\u0146i bija centu\u0161ies. Pirmo reizi piedal\u012bj\u0101s ar\u012b tik daudz un da\u017e\u0101du valstu p\u0101rst\u0101vji vieglatl\u0113tikas distanc\u0113s un discipl\u012bn\u0101s. \u010cempion\u0101t\u0101 bija gandr\u012bz vai olimpisk\u0101 programma, s\u0101kot ar skrie\u0161anu 100 metru distanc\u0113 un beidzot ar 5000 metriem. So\u013co\u0161ana, augstl\u0113k\u0161ana un t\u0101ll\u0113k\u0161ana. Var teikt, visa vieglatl\u0113tikas programma. Lielu lomu nosp\u0113l\u0113ja ar\u012b izdev\u012bgais \u0123eogr\u0101fiskais st\u0101voklis, jo man no Valkas aizbraukt uz P\u0113rnavu nav t\u0101lu,\u201d atz\u012bst vieglatl\u0113ts.<\/p>\n<p><img loading=\"lazy\" decoding=\"async\" width=\"702\" height=\"1024\" src=\"https:\/\/www.europesays.com\/lv\/wp-content\/uploads\/2026\/08\/Andris-Dainis-1-1-702x1024.jpg\" alt=\"\" class=\"wp-image-1011028\"  \/>Lai saglab\u0101tu savu fizisko formu, Valkas novada vieglatl\u0113ts, vecmeistars Andris Dainis katru ned\u0113\u013cu tr\u012bs l\u012bdz \u010detras reizes c\u012bt\u012bgi tren\u0113jas un iev\u0113ro m\u0113ren\u012bbu \u0113\u0161an\u0101.<\/p>\n<p class=\"wp-block-paragraph\">Lai piedal\u012btos da\u017e\u0101da m\u0113roga sacens\u012bb\u0101s, dal\u012bbniekiem ir j\u0101maks\u0101 dal\u012bbas maksa. A. Dainis atz\u012bst, ka ar katru reizi maksa pieaug, bet tas neliedz vi\u0146u turpin\u0101t piedal\u012bties sporta pas\u0101kumos un pa\u0161am ar\u012b segt visus izdevumus.<\/p>\n<p class=\"wp-block-paragraph\">\u201cK\u0101 saka par senioriem, ka tie esot tautas bag\u0101t\u0101k\u0101 da\u013ca,\u201d smejas A. Dainis. Vi\u0146\u0161 atkl\u0101j, ka \u010dempion\u0101t\u0101 800 un 5000 metru distanc\u0113s piedal\u012bj\u0101s tikai divi sportisti. Ta\u010du, lai uzvar\u0113tu un pieveiktu s\u0101ncen\u0161us, j\u0101skrien bijis pietiekami \u0101tri.<\/p>\n<p class=\"wp-block-paragraph\">\u201cMans princips ir \u2013 kam\u0113r vari, tikm\u0113r dari! Man nav t\u0101da m\u0113r\u0137a, lai sacens\u012bb\u0101s oblig\u0101ti b\u016btu pirmais. Jebkuram sportistam, kur\u0161 iziet uz starta l\u012bnijas, m\u0113r\u0137is ir b\u016bt pirmajam. Ja \u0161\u0101da m\u0113r\u0137a nav, tad ir pieejami da\u017e\u0101di vesel\u012bbas uzlabo\u0161anas pas\u0101kumi. Lai savos gados b\u016btu \u0161\u0101d\u0101 fizisk\u0101 form\u0101, katru ned\u0113\u013cu tr\u012bs l\u012bdz \u010detras reizes c\u012bt\u012bgi tren\u0113jos \u2013 vasar\u0101 skrienu, braucu gan ar rollersl\u0113p\u0113m, gan velosip\u0113du. Sekoju l\u012bdzi ar\u012b tam, ko \u0113du. Es sev neko neaizliedzu, bet iev\u0113roju m\u0113ren\u012bbu. Tas ir diezgan svar\u012bgi. K\u0101 ikvienam cilv\u0113kam, ar\u012b man, ja nekustos, t\u0101pat pieaug svars. Vesel\u012bga dz\u012bvesveida pamat\u0101 ir \u0113\u0161anas paradumi un kust\u012bbu prieks,\u201d iesaka pieredz\u0113ju\u0161ais sportists.<\/p>\n<p class=\"wp-block-paragraph\">\u201cZieme\u013clatvija\u201d interes\u0113j\u0101s, vai \u0161aj\u0101 finansi\u0101li sare\u017e\u0123\u012btaj\u0101 situ\u0101cij\u0101 Valkas novada pa\u0161vald\u012bba atbalsta novada sportistus. A. Dainis uzskata: \u201cPa\u0161vald\u012bba patie\u0161\u0101m cen\u0161as. \u0160aj\u0101 situ\u0101cij\u0101 ne visi grib saprast, ka \u0161oreiz ir cie\u0161\u0101k j\u0101savelk jostas. Atbalsts no pa\u0161vald\u012bbas ir vienm\u0113r \u2013 varb\u016bt ne tik liels, k\u0101 grib\u0113tos. Es gan neteiktu, ka sportisti netiek atbalst\u012bti. Valkas novad\u0101, kas ir tik mazs novads, ir tik daudz akt\u012bvu sporta veidu. Tas nav tik vienk\u0101r\u0161i \u2013 dot visiem tik, cik vajadz\u0113tu,\u201d dom\u0101 A. Dainis.<\/p>\n<p class=\"wp-block-paragraph\">M\u016bsu saruna notiek pirms A. Dai\u0146a do\u0161an\u0101s atva\u013cin\u0101jum\u0101. Dom\u0101jot par n\u0101kotni, sportists atkl\u0101j: \u201cMan gribas noskriet apk\u0101rt Vilandes ezeram. Tas katru gadu notiek 1. maij\u0101. Kad man aprit\u0113s 80 gadi, tad p\u0113c k\u0101rtas tas b\u016bs simtais skr\u0113jiens apk\u0101rt \u0161im igau\u0146u ezeram. Ja to var\u0113\u0161u noskriet, man pa\u0161am b\u016bs prieks par sevi,\u201d savus m\u0113r\u0137us atkl\u0101j A. Dainis.<\/p>\n","protected":false},"excerpt":{"rendered":"Baltijas atkl\u0101taj\u0101 \u010dempion\u0101t\u0101 P\u0113rnav\u0101 (Igaunij\u0101) Valkas novada pieredz\u0113ju\u0161ais vieglatl\u0113ts, kaisl\u012bgs sl\u0113pot\u0101js un vesel\u012bga dz\u012bvesveida piekrit\u0113js Andris Dainis (no&hellip;\n","protected":false},"author":2,"featured_media":270247,"comment_status":"","ping_status":"","sticky":false,"template":"","format":"standard","meta":{"footnotes":"","_share_on_mastodon":"0"},"categories":[17],"tags":[41640,40097,35,39,38,36,37,34,40,67,1007,1009,14548,434,41641],"class_list":["post-270246","post","type-post","status-publish","format-standard","has-post-thumbnail","category-sports","tag-andrisdainis","tag-baltijascempionats","tag-latvia","tag-latvian","tag-latviesu","tag-latviesu-valoda","tag-latviesuvaloda","tag-latvija","tag-lv","tag-sports","tag-valka","tag-valkasnovads","tag-vecmeistari","tag-vieglatletika","tag-zeltamedalas"],"share_on_mastodon":{"url":"https:\/\/pubeurope.com\/@lv\/117103244855644789","error":""},"_links":{"self":[{"href":"https:\/\/www.europesays.com\/lv\/wp-json\/wp\/v2\/posts\/270246","targetHints":{"allow":["GET"]}}],"collection":[{"href":"https:\/\/www.europesays.com\/lv\/wp-json\/wp\/v2\/posts"}],"about":[{"href":"https:\/\/www.europesays.com\/lv\/wp-json\/wp\/v2\/types\/post"}],"author":[{"embeddable":true,"href":"https:\/\/www.europesays.com\/lv\/wp-json\/wp\/v2\/users\/2"}],"replies":[{"embeddable":true,"href":"https:\/\/www.europesays.com\/lv\/wp-json\/wp\/v2\/comments?post=270246"}],"version-history":[{"count":0,"href":"https:\/\/www.europesays.com\/lv\/wp-json\/wp\/v2\/posts\/270246\/revisions"}],"wp:featuredmedia":[{"embeddable":true,"href":"https:\/\/www.europesays.com\/lv\/wp-json\/wp\/v2\/media\/270247"}],"wp:attachment":[{"href":"https:\/\/www.europesays.com\/lv\/wp-json\/wp\/v2\/media?parent=270246"}],"wp:term":[{"taxonomy":"category","embeddable":true,"href":"https:\/\/www.europesays.com\/lv\/wp-json\/wp\/v2\/categories?post=270246"},{"taxonomy":"post_tag","embeddable":true,"href":"https:\/\/www.europesays.com\/lv\/wp-json\/wp\/v2\/tags?post=270246"}],"curies":[{"name":"wp","href":"https:\/\/api.w.org\/{rel}","templated":true}]}}