{"id":27030,"date":"2025-10-21T08:20:10","date_gmt":"2025-10-21T08:20:10","guid":{"rendered":"https:\/\/www.europesays.com\/lv\/27030\/"},"modified":"2025-10-21T08:20:10","modified_gmt":"2025-10-21T08:20:10","slug":"lietuva-un-polija-atklajusas-jaunu-via-baltica-automagistrales-posmu","status":"publish","type":"post","link":"https:\/\/www.europesays.com\/lv\/27030\/","title":{"rendered":"Lietuva un Polija atkl\u0101ju\u0161as jaunu \u00abVia Baltica\u00bb automa\u0123istr\u0101les posmu"},"content":{"rendered":"<p>Lietuv\u0101 pabeigta \u010detru joslu automa\u0123istr\u0101le, kas savieno Marijampoles pils\u0113tu un robe\u017eu ar Poliju, v\u0113sta sabiedriskais medijs <a target=\"_blank\" href=\"https:\/\/www.lsm.lv\/raksts\/zinas\/ekonomika\/21.10.2025-lietuva-un-polija-atklajusas-jaunu-via-baltica-automagistrales-posmu.a619171\/\" rel=\"nofollow noopener\">lsm.lv<\/a>.<\/p>\n<p>Jaunatkl\u0101tais ce\u013ca posms stiepjas cauri t\u0101 d\u0113v\u0113tajam Suvalku koridoram, kas ir \u0161aura zemes str\u0113le starp Baltkrieviju un Krievijai piedero\u0161o Ka\u013ci\u0146ingradu. Tas ir turpin\u0101jums ar\u012b Latviju \u0161\u0137\u0113rsojo\u0161ajam &#8220;Via Baltica&#8221; autoce\u013cam. <\/p>\n<p>970 kilometru garais autoce\u013c\u0161 &#8220;Via Baltica&#8221; s\u0101kas Polijas galvaspils\u0113t\u0101 Var\u0161av\u0101 un \u0161\u0137\u0113rso Lietuvu, Latviju un Igauniju, aizvedot l\u012bdz Tallinai.<\/p>\n<p>&#8220;Via Baltica&#8221; Polijas posma b\u016bvniec\u012bba ilga vair\u0101k nek\u0101 10 gadus un izmaks\u0101ja vair\u0101k nek\u0101 11 miljardus zlotu (2,6 miljardi eiro), no kuriem gandr\u012bz 1 miljards eiro n\u0101ca no Eiropas Savien\u012bbas fondiem.<\/p>\n<p>Rekonstru\u0113tais 12 kilometru garais \u0161osejas posms izmaks\u0101ja apm\u0113ram 155 miljonus eiro. <\/p>\n<p>Lietuvas prezidents Naus\u0113da nor\u0101d\u012bja, ka tagad no Vi\u013c\u0146as iesp\u0113jams aizbraukt l\u012bdz pat Portug\u0101les galvaspils\u0113tai Lisabonai, izmantojot tikai automa\u0123istr\u0101les.<\/p>\n<p><img decoding=\"async\" src=\"https:\/\/www.europesays.com\/lv\/wp-content\/uploads\/2025\/10\/356ec7537057c4d6d14a0f83111763e2.jpg\" title=\"Jaunais &quot;Via Baltica&quot; posms. Foto: scnpix\/EPA\/Valdemar Doveiko\" alt=\"Jaunais &quot;Via Baltica&quot; posms. Foto: scnpix\/EPA\/Valdemar Doveiko\"\/><\/p>\n<p class=\"article-img-desc\">Jaunais &#8220;Via Baltica&#8221; posms. Foto: scnpix\/EPA\/Valdemar Doveiko<\/p>\n","protected":false},"excerpt":{"rendered":"Lietuv\u0101 pabeigta \u010detru joslu automa\u0123istr\u0101le, kas savieno Marijampoles pils\u0113tu un robe\u017eu ar Poliju, v\u0113sta sabiedriskais medijs lsm.lv. Jaunatkl\u0101tais&hellip;\n","protected":false},"author":2,"featured_media":27031,"comment_status":"","ping_status":"","sticky":false,"template":"","format":"standard","meta":{"footnotes":""},"categories":[14],"tags":[129,343,4274,3360,23,57,28,29,32,33,22,30,31,35,39,38,36,37,34,40,20,26,27,4275,3361,344,4276,3362,345,24,25,54,55,56,21,58],"class_list":{"0":"post-27030","1":"post","2":"type-post","3":"status-publish","4":"format-standard","5":"has-post-thumbnail","7":"category-zinas-no-arvalstim","8":"tag-__typenameadvicekeyword","9":"tag-id550","10":"tag-id558","11":"tag-id789","12":"tag-aktualitates","13":"tag-arvalstim","14":"tag-breaking-news","15":"tag-breakingnews","16":"tag-featured-news","17":"tag-featurednews","18":"tag-headlines","19":"tag-latest-news","20":"tag-latestnews","21":"tag-latvia","22":"tag-latvian","23":"tag-latviesu","24":"tag-latviesu-valoda","25":"tag-latviesuvaloda","26":"tag-latvija","27":"tag-lv","28":"tag-news","29":"tag-popularakas-zinas","30":"tag-popularakaszinas","31":"tag-slugcelu-satiksme","32":"tag-sluglietuva","33":"tag-slugpolija","34":"tag-titlecelu-satiksme","35":"tag-titlelietuva","36":"tag-titlepolija","37":"tag-top-stories","38":"tag-topstories","39":"tag-world","40":"tag-world-news","41":"tag-worldnews","42":"tag-zinas","43":"tag-zinas-no-arvalstim"},"share_on_mastodon":{"url":"","error":""},"_links":{"self":[{"href":"https:\/\/www.europesays.com\/lv\/wp-json\/wp\/v2\/posts\/27030","targetHints":{"allow":["GET"]}}],"collection":[{"href":"https:\/\/www.europesays.com\/lv\/wp-json\/wp\/v2\/posts"}],"about":[{"href":"https:\/\/www.europesays.com\/lv\/wp-json\/wp\/v2\/types\/post"}],"author":[{"embeddable":true,"href":"https:\/\/www.europesays.com\/lv\/wp-json\/wp\/v2\/users\/2"}],"replies":[{"embeddable":true,"href":"https:\/\/www.europesays.com\/lv\/wp-json\/wp\/v2\/comments?post=27030"}],"version-history":[{"count":0,"href":"https:\/\/www.europesays.com\/lv\/wp-json\/wp\/v2\/posts\/27030\/revisions"}],"wp:featuredmedia":[{"embeddable":true,"href":"https:\/\/www.europesays.com\/lv\/wp-json\/wp\/v2\/media\/27031"}],"wp:attachment":[{"href":"https:\/\/www.europesays.com\/lv\/wp-json\/wp\/v2\/media?parent=27030"}],"wp:term":[{"taxonomy":"category","embeddable":true,"href":"https:\/\/www.europesays.com\/lv\/wp-json\/wp\/v2\/categories?post=27030"},{"taxonomy":"post_tag","embeddable":true,"href":"https:\/\/www.europesays.com\/lv\/wp-json\/wp\/v2\/tags?post=27030"}],"curies":[{"name":"wp","href":"https:\/\/api.w.org\/{rel}","templated":true}]}}