{"id":27032,"date":"2025-10-21T08:22:13","date_gmt":"2025-10-21T08:22:13","guid":{"rendered":"https:\/\/www.europesays.com\/lv\/27032\/"},"modified":"2025-10-21T08:22:13","modified_gmt":"2025-10-21T08:22:13","slug":"ltrk-aicina-deputatus-pieversties-uznemejdarbibas-videi-nevis-stambulas-konvencijai","status":"publish","type":"post","link":"https:\/\/www.europesays.com\/lv\/27032\/","title":{"rendered":"LTRK aicina deput\u0101tus piev\u0113rsties uz\u0146\u0113m\u0113jdarb\u012bbas videi, nevis Stambulas konvencijai"},"content":{"rendered":"<p class=\"western\">V\u0113stul\u0113 uz\u0146\u0113m\u0113ju organiz\u0101cija nov\u0113rt\u0113, ka Saeim\u0101 notiek diskusijas par da\u017e\u0101da rakstura jaut\u0101jumiem, kas skar gan ekonomisko, gan soci\u0101lo, gan v\u0113rt\u012bbu dimensiju. &#8220;Demokr\u0101tisk\u0101 sabiedr\u012bb\u0101 \u0161\u0101da viedok\u013cu apmai\u0146a un pla\u0161a jaut\u0101jumu spektra izskat\u012b\u0161ana ir \u013coti b\u016btiska, un m\u0113s to v\u0113rt\u0113jam k\u0101 neat\u0146emamu politisk\u0101s kult\u016bras sast\u0101vda\u013cu,&#8221; nor\u0101da LTRK.<\/p>\n<p class=\"western\">LTRK ieskat\u0101 uz\u0146\u0113m\u0113jdarb\u012bbas att\u012bst\u012bbai un valsts ekonomikas izaugsmei \u0161obr\u012bd daudz noz\u012bm\u012bg\u0101ki ir t\u0101di jaut\u0101jumi k\u0101 valsts bud\u017eeta pakotnes izstr\u0101de un pie\u0146em\u0161ana, groz\u012bjumi Publisko iepirkumu likum\u0101, groz\u012bjumi Darba likum\u0101, ar valsts aizsardz\u012bbu saist\u012btas normat\u012bvo aktu izmai\u0146as, k\u0101 ar\u012b citi normat\u012bvie akti, kas tie\u0161i ietekm\u0113 uz\u0146\u0113m\u0113jdarb\u012bbas vidi.<\/p>\n<p class=\"m-0\">Seko &#8220;Delfi&#8221; ar\u012b  <a target=\"_blank\" href=\"https:\/\/www.instagram.com\/delfi.lv\/\" rel=\"nofollow noopener\">Instagram<\/a>  un <a target=\"_blank\" href=\"https:\/\/www.youtube.com\/channel\/UCw5foWtcJvAbUm64rv7jwUQ\" rel=\"nofollow noopener\">YouTube<\/a>  profil\u0101 \u2013 pievienojies, lai uzzin\u0101tu svar\u012bg\u0101ko un interesant\u0101ko pirmais!<\/p>\n<p>Publik\u0101cijas saturs vai t\u0101s jebk\u0101da apjoma da\u013ca ir aizsarg\u0101ts autorties\u012bbu objekts Autorties\u012bbu likuma izpratn\u0113, un t\u0101 izmanto\u0161ana bez izdev\u0113ja at\u013caujas ir aizliegta. Vair\u0101k lasi  <a target=\"_blank\" href=\"https:\/\/www.delfi.lv\/noteikumi#autortiesibas\" rel=\"nofollow noopener\">\u0161eit<\/a><script async src=\"\/\/www.instagram.com\/embed.js\"><\/script><\/p>\n","protected":false},"excerpt":{"rendered":"V\u0113stul\u0113 uz\u0146\u0113m\u0113ju organiz\u0101cija nov\u0113rt\u0113, ka Saeim\u0101 notiek diskusijas par da\u017e\u0101da rakstura jaut\u0101jumiem, kas skar gan ekonomisko, gan soci\u0101lo,&hellip;\n","protected":false},"author":2,"featured_media":27033,"comment_status":"","ping_status":"","sticky":false,"template":"","format":"standard","meta":{"footnotes":""},"categories":[5],"tags":[23,28,29,32,33,22,30,31,35,39,38,36,37,34,7730,40,20,26,27,141,24,25,2223,21],"class_list":{"0":"post-27032","1":"post","2":"type-post","3":"status-publish","4":"format-standard","5":"has-post-thumbnail","7":"category-aktualitates","8":"tag-aktualitates","9":"tag-breaking-news","10":"tag-breakingnews","11":"tag-featured-news","12":"tag-featurednews","13":"tag-headlines","14":"tag-latest-news","15":"tag-latestnews","16":"tag-latvia","17":"tag-latvian","18":"tag-latviesu","19":"tag-latviesu-valoda","20":"tag-latviesuvaloda","21":"tag-latvija","22":"tag-latvijas-tirdzniecibas-un-rupniecibas-kamera","23":"tag-lv","24":"tag-news","25":"tag-popularakas-zinas","26":"tag-popularakaszinas","27":"tag-saeima","28":"tag-top-stories","29":"tag-topstories","30":"tag-zalo-un-zemnieku-savieniba","31":"tag-zinas"},"share_on_mastodon":{"url":"","error":""},"_links":{"self":[{"href":"https:\/\/www.europesays.com\/lv\/wp-json\/wp\/v2\/posts\/27032","targetHints":{"allow":["GET"]}}],"collection":[{"href":"https:\/\/www.europesays.com\/lv\/wp-json\/wp\/v2\/posts"}],"about":[{"href":"https:\/\/www.europesays.com\/lv\/wp-json\/wp\/v2\/types\/post"}],"author":[{"embeddable":true,"href":"https:\/\/www.europesays.com\/lv\/wp-json\/wp\/v2\/users\/2"}],"replies":[{"embeddable":true,"href":"https:\/\/www.europesays.com\/lv\/wp-json\/wp\/v2\/comments?post=27032"}],"version-history":[{"count":0,"href":"https:\/\/www.europesays.com\/lv\/wp-json\/wp\/v2\/posts\/27032\/revisions"}],"wp:featuredmedia":[{"embeddable":true,"href":"https:\/\/www.europesays.com\/lv\/wp-json\/wp\/v2\/media\/27033"}],"wp:attachment":[{"href":"https:\/\/www.europesays.com\/lv\/wp-json\/wp\/v2\/media?parent=27032"}],"wp:term":[{"taxonomy":"category","embeddable":true,"href":"https:\/\/www.europesays.com\/lv\/wp-json\/wp\/v2\/categories?post=27032"},{"taxonomy":"post_tag","embeddable":true,"href":"https:\/\/www.europesays.com\/lv\/wp-json\/wp\/v2\/tags?post=27032"}],"curies":[{"name":"wp","href":"https:\/\/api.w.org\/{rel}","templated":true}]}}