{"id":27038,"date":"2025-10-21T08:29:07","date_gmt":"2025-10-21T08:29:07","guid":{"rendered":"https:\/\/www.europesays.com\/lv\/27038\/"},"modified":"2025-10-21T08:29:07","modified_gmt":"2025-10-21T08:29:07","slug":"liva-jaunozola-ar-dzivesbiedru-kaiminienes-del-slegs-popularo-estuvi-rasols","status":"publish","type":"post","link":"https:\/\/www.europesays.com\/lv\/27038\/","title":{"rendered":"L\u012bva Jaunozola ar dz\u012bvesbiedru kaimi\u0146ienes d\u0113\u013c sl\u0113gs popul\u0101ro \u0113stuvi &#8220;Rasols&#8221;"},"content":{"rendered":"<p>Pirms 11 gadiem p\u0101ris v\u0113l\u0113j\u0101s rad\u012bt vietu, kur ikvienam b\u016btu iesp\u0113ja nobaud\u012bt rasolu ar\u012b dien\u0101s, kad nekas nav j\u0101svin.<\/p>\n<p>Gadu gait\u0101 izveidoju\u0161ies gan patst\u0101v\u012bgie klienti, gan regul\u0101ri apmekl\u0113t\u0101ji biju\u0161i ar\u012b t\u016bristi, kuriem rasola nobaud\u012b\u0161ana bijis \u012bpa\u0161s piedz\u012bvojums.<\/p>\n<p>Uz jaut\u0101jumu, k\u0101p\u0113c nol\u0113mu\u0161i popul\u0101ro \u0113stuvi sl\u0113gt, saimnieki \u017eurn\u0101lam atbild\u0113ja, ka<\/p>\n<blockquote class=\"quote ck-widget\" contenteditable=\"false\">\n<p>viens no iemesliem esot naid\u012bg\u0101 kaimi\u0146iene.<\/p>\n<\/blockquote>\n<p>&#8220;Mums ir k\u0101da kaimi\u0146iene, kura visu laiku izsauc gan policiju, gan s\u016bdzas P\u0101rtikas un veterin\u0101rajam dienestam. Vi\u0146a lam\u0101 m\u016bsu viesus un trauc\u0113 mier\u012bgi darboties. Neesam vien\u012bgie, kas no kundzes izdar\u012bb\u0101m cie\u0161. Esam noguru\u0161i no t\u0101,&#8221; nop\u016b\u0161as L\u012bva.<\/p>\n<p>Abi uz\u0146\u0113m\u0113ji teic, ka tie, kas v\u0113l grib pag\u016bt apmekl\u0113t kafejn\u012bcu, var to izdar\u012bt l\u012bdz oktobra beig\u0101m.<\/p>\n<p>Vair\u0101k lasi \u017eurn\u0101la <a target=\"_blank\" rel=\"noopener noreferrer nofollow\" href=\"https:\/\/www.santa.lv\">&#8220;Priv\u0101t\u0101 Dz\u012bve&#8221;<\/a> 21. oktobra numur\u0101!<\/p>\n","protected":false},"excerpt":{"rendered":"Pirms 11 gadiem p\u0101ris v\u0113l\u0113j\u0101s rad\u012bt vietu, kur ikvienam b\u016btu iesp\u0113ja nobaud\u012bt rasolu ar\u012b dien\u0101s, kad nekas nav&hellip;\n","protected":false},"author":2,"featured_media":27039,"comment_status":"","ping_status":"","sticky":false,"template":"","format":"standard","meta":{"footnotes":""},"categories":[19],"tags":[89,90,35,39,38,36,37,34,1429,8389,40,8388],"class_list":{"0":"post-27038","1":"post","2":"type-post","3":"status-publish","4":"format-standard","5":"has-post-thumbnail","7":"category-izklaide","8":"tag-entertainment","9":"tag-izklaide","10":"tag-latvia","11":"tag-latvian","12":"tag-latviesu","13":"tag-latviesu-valoda","14":"tag-latviesuvaloda","15":"tag-latvija","16":"tag-latvijas-zurnali","17":"tag-liva-jaunozola","18":"tag-lv","19":"tag-rasols"},"share_on_mastodon":{"url":"","error":""},"_links":{"self":[{"href":"https:\/\/www.europesays.com\/lv\/wp-json\/wp\/v2\/posts\/27038","targetHints":{"allow":["GET"]}}],"collection":[{"href":"https:\/\/www.europesays.com\/lv\/wp-json\/wp\/v2\/posts"}],"about":[{"href":"https:\/\/www.europesays.com\/lv\/wp-json\/wp\/v2\/types\/post"}],"author":[{"embeddable":true,"href":"https:\/\/www.europesays.com\/lv\/wp-json\/wp\/v2\/users\/2"}],"replies":[{"embeddable":true,"href":"https:\/\/www.europesays.com\/lv\/wp-json\/wp\/v2\/comments?post=27038"}],"version-history":[{"count":0,"href":"https:\/\/www.europesays.com\/lv\/wp-json\/wp\/v2\/posts\/27038\/revisions"}],"wp:featuredmedia":[{"embeddable":true,"href":"https:\/\/www.europesays.com\/lv\/wp-json\/wp\/v2\/media\/27039"}],"wp:attachment":[{"href":"https:\/\/www.europesays.com\/lv\/wp-json\/wp\/v2\/media?parent=27038"}],"wp:term":[{"taxonomy":"category","embeddable":true,"href":"https:\/\/www.europesays.com\/lv\/wp-json\/wp\/v2\/categories?post=27038"},{"taxonomy":"post_tag","embeddable":true,"href":"https:\/\/www.europesays.com\/lv\/wp-json\/wp\/v2\/tags?post=27038"}],"curies":[{"name":"wp","href":"https:\/\/api.w.org\/{rel}","templated":true}]}}