{"id":27044,"date":"2025-10-21T08:35:10","date_gmt":"2025-10-21T08:35:10","guid":{"rendered":"https:\/\/www.europesays.com\/lv\/27044\/"},"modified":"2025-10-21T08:35:10","modified_gmt":"2025-10-21T08:35:10","slug":"tas-ir-parpratums-diona-liepina-noliedz-skirsanos-no-ivara-krasta","status":"publish","type":"post","link":"https:\/\/www.europesays.com\/lv\/27044\/","title":{"rendered":"Tas ir p\u0101rpratums! Diona Liepi\u0146a noliedz \u0161\u0137ir\u0161anos no Ivara Krasta"},"content":{"rendered":"<p>Runas par attiec\u012bbu kr\u012bzi un \u0161\u0137ir\u0161anos no aktiera Ivara Krasta, kas p\u0113d\u0113j\u0101s ned\u0113\u013c\u0101s uzvirmoju\u0161as medijos, izr\u0101d\u012bju\u0161\u0101s p\u0101rpratums. \u017durn\u0101lam &#8220;Priv\u0101t\u0101 Dz\u012bve&#8221; m\u016bzi\u0137e <a rel=\"noopener nofollow\" target=\"_blank\" href=\"https:\/\/www.delfi.lv\/temas\/56420425\/diona-liepina\" tag-id=\"56420425\">Diona Liepi\u0146a<\/a> skaidro, ka vi\u0146u attiec\u012bbas ar Krastu turpin\u0101s.<\/p>\n<p>Febru\u0101r\u012b Diona \u0161ov\u0101 &#8220;Slaven\u012bbas. Bez filtra&#8221; bija izteikusies par attiec\u012bb\u0101m ar 22 gadus vec\u0101ko aktieri Krastu, sakot, ka abi l\u0113mu\u0161i dz\u012bvot \u0161\u0137irti, tom\u0113r turpina tikties. &#8220;Paldies Dievam, ka viss ir for\u0161i. S\u0101kum\u0101 es dom\u0101ju \u2013 k\u0101 tas tagad b\u016bs, k\u0101p\u0113c man viss bija j\u0101s\u0101k no nulles.&#8221; <\/p>\n<p>Vi\u0146a paskaidroja, ka l\u0113mums par Dionas izv\u0101k\u0161anos bijis abpus\u0113js. S\u0101kotn\u0113ji nom\u0101ku\u0161i sadz\u012bves jaut\u0101jumi \u2013 kur vi\u0146a dz\u012bvos, k\u0101 nopeln\u012bs, vai ar eso\u0161o pietiks patst\u0101v\u012bgai dz\u012bvo\u0161anai. &#8220;Protams, dz\u012bvojot ar Ivaru, es jutos nodro\u0161in\u0101t\u0101ka. Tad, kad es izv\u0101cos, es sapratu \u2013 viss ir uz maniem pleciem.&#8221; Abi kopdz\u012bvi uzs\u0101ku\u0161i \u013coti \u0101tri \u2013 apm\u0113ram \u010detrus m\u0113ne\u0161us p\u0113c pirm\u0101s iepaz\u012b\u0161an\u0101s. <\/p>\n<p>Aktiera mamma \u017eurn\u0101l\u0101 paudusi apbr\u012bnu, ka Diona, b\u016bdama sare\u017e\u0123\u012bto attiec\u012bbu l\u012bklo\u010dos, sp\u0113jusi notiku\u0161o iet\u0113rpt patiesi pozit\u012bv\u0101s dziesm\u0101s. Vi\u0146a sac\u012bja, ka Diona bijusi t\u0101, kas nol\u0113musi p\u0101rtraukt attiec\u012bbas, ta\u010du meitene v\u0113l aizvien vi\u0146ai esot m\u012b\u013ca un tuva. Tie\u0161i Dionas d\u0113\u013c p\u0101ris bie\u017e\u0101k apciemojis Ivara mammu, un tagad apciemojumi no d\u0113la puses esot ret\u0101ki.&#8221; Vai saies k\u0101dreiz atpaka\u013c kop\u0101, tas nu ir Dionas zi\u0146\u0101,&#8221; sac\u012bja Aiva, piebilstot, ka abiem ir gr\u016bti gan b\u016bt kop\u0101, gan ar\u012b atsevi\u0161\u0137i.<\/p>\n<p>Tagad dzied\u0101t\u0101ja \u017eurn\u0101lam &#8220;Priv\u0101t\u0101 Dz\u012bve&#8221; skaidro, ka runas par \u0161\u0137ir\u0161anos radu\u0161\u0101s p\u0101rpratuma d\u0113\u013c. Viss, iesp\u0113jams, p\u0101rprasts ar emocion\u0101lo atvad\u012b\u0161anos no Ivara ka\u0137iem \u2013 tie ilgsto\u0161i bija mitin\u0101ju\u0161ies pie m\u016bzi\u0137es, ta\u010du vi\u0146a vairs nevar\u0113ja tiem velt\u012bt tik daudz uzman\u012bbas, un dz\u012bvnieki atgriezti pie Krasta. Diona gatavojusies pie\u0146emt mini p\u016bdeli, ko l\u016bkoties devusies kop\u0101 ar Ivaru. <\/p>\n<p class=\"m-0\">Seko &#8220;Delfi&#8221; ar\u012b  <a target=\"_blank\" href=\"https:\/\/www.instagram.com\/delfi.lv\/\" rel=\"nofollow noopener\">Instagram<\/a>  un <a target=\"_blank\" href=\"https:\/\/www.youtube.com\/channel\/UCw5foWtcJvAbUm64rv7jwUQ\" rel=\"nofollow noopener\">YouTube<\/a>  profil\u0101 \u2013 pievienojies, lai uzzin\u0101tu svar\u012bg\u0101ko un interesant\u0101ko pirmais!<\/p>\n<p>Publik\u0101cijas saturs vai t\u0101s jebk\u0101da apjoma da\u013ca ir aizsarg\u0101ts autorties\u012bbu objekts Autorties\u012bbu likuma izpratn\u0113, un t\u0101 izmanto\u0161ana bez izdev\u0113ja at\u013caujas ir aizliegta. Vair\u0101k lasi  <a target=\"_blank\" href=\"https:\/\/www.delfi.lv\/noteikumi#autortiesibas\" rel=\"nofollow noopener\">\u0161eit<\/a><script async src=\"\/\/www.instagram.com\/embed.js\"><\/script><\/p>\n","protected":false},"excerpt":{"rendered":"Runas par attiec\u012bbu kr\u012bzi un \u0161\u0137ir\u0161anos no aktiera Ivara Krasta, kas p\u0113d\u0113j\u0101s ned\u0113\u013c\u0101s uzvirmoju\u0161as medijos, izr\u0101d\u012bju\u0161\u0101s p\u0101rpratums. \u017durn\u0101lam&hellip;\n","protected":false},"author":2,"featured_media":27045,"comment_status":"","ping_status":"","sticky":false,"template":"","format":"standard","meta":{"footnotes":""},"categories":[19],"tags":[6269,89,6701,90,35,39,38,36,37,34,40,3434],"class_list":{"0":"post-27044","1":"post","2":"type-post","3":"status-publish","4":"format-standard","5":"has-post-thumbnail","7":"category-izklaide","8":"tag-diona-liepina","9":"tag-entertainment","10":"tag-ivars-krasts","11":"tag-izklaide","12":"tag-latvia","13":"tag-latvian","14":"tag-latviesu","15":"tag-latviesu-valoda","16":"tag-latviesuvaloda","17":"tag-latvija","18":"tag-lv","19":"tag-skirsanas"},"share_on_mastodon":{"url":"","error":""},"_links":{"self":[{"href":"https:\/\/www.europesays.com\/lv\/wp-json\/wp\/v2\/posts\/27044","targetHints":{"allow":["GET"]}}],"collection":[{"href":"https:\/\/www.europesays.com\/lv\/wp-json\/wp\/v2\/posts"}],"about":[{"href":"https:\/\/www.europesays.com\/lv\/wp-json\/wp\/v2\/types\/post"}],"author":[{"embeddable":true,"href":"https:\/\/www.europesays.com\/lv\/wp-json\/wp\/v2\/users\/2"}],"replies":[{"embeddable":true,"href":"https:\/\/www.europesays.com\/lv\/wp-json\/wp\/v2\/comments?post=27044"}],"version-history":[{"count":0,"href":"https:\/\/www.europesays.com\/lv\/wp-json\/wp\/v2\/posts\/27044\/revisions"}],"wp:featuredmedia":[{"embeddable":true,"href":"https:\/\/www.europesays.com\/lv\/wp-json\/wp\/v2\/media\/27045"}],"wp:attachment":[{"href":"https:\/\/www.europesays.com\/lv\/wp-json\/wp\/v2\/media?parent=27044"}],"wp:term":[{"taxonomy":"category","embeddable":true,"href":"https:\/\/www.europesays.com\/lv\/wp-json\/wp\/v2\/categories?post=27044"},{"taxonomy":"post_tag","embeddable":true,"href":"https:\/\/www.europesays.com\/lv\/wp-json\/wp\/v2\/tags?post=27044"}],"curies":[{"name":"wp","href":"https:\/\/api.w.org\/{rel}","templated":true}]}}