{"id":27057,"date":"2025-10-21T09:04:09","date_gmt":"2025-10-21T09:04:09","guid":{"rendered":"https:\/\/www.europesays.com\/lv\/27057\/"},"modified":"2025-10-21T09:04:09","modified_gmt":"2025-10-21T09:04:09","slug":"vesturiska-diena-japana-pirmo-reizi-premjerministres-amata-ieveleta-sieviete","status":"publish","type":"post","link":"https:\/\/www.europesays.com\/lv\/27057\/","title":{"rendered":"V\u0113sturiska diena Jap\u0101n\u0101 \u2013 pirmo reizi premjerministres amat\u0101 iev\u0113l\u0113ta sieviete"},"content":{"rendered":"<p>J\u0101piebilst, ka ASV prezidents Donalds Tramps agr\u0101k vi\u0146u bija raksturojis k\u0101 \u201c\u013coti cien\u012bjamu cilv\u0113ku ar lielu gudr\u012bbu.\u201d<\/p>\n<p>Takai\u010di, kura agr\u0101k ie\u0146\u0113ma ekonomikas dro\u0161\u012bbas ministra amatu, iepriek\u0161 asi kritiz\u0113jusi \u0136\u012bnu un t\u0101s milit\u0101ro nostiprin\u0101\u0161anos \u0100zijas un Klus\u0101 oke\u0101na re\u0123ion\u0101. Vi\u0146ai ar\u012b ir stingra poz\u012bcija imigr\u0101cijas un t\u016brisma jaut\u0101jumos.<\/p>\n<p>Jap\u0101nai vajadz\u0113tu \u201cp\u0101rskat\u012bt politiku, kas \u013cauj valst\u012b iece\u013cot cilv\u0113kiem ar piln\u012bgi at\u0161\u0137ir\u012bgu kult\u016bru un izcelsmi\u201d, uzskata Takai\u010di.<\/p>\n<p>            <img loading=\"lazy\" decoding=\"async\" class=\"size-full wp-image-3648563 skaties-content-image\" title=\"JAPAN-POLITICS\" src=\"https:\/\/www.europesays.com\/lv\/wp-content\/uploads\/2025\/10\/93fb-68f73c105ad27-scaled.jpg\" alt=\"JAPAN-POLITICS\" width=\"2000\" height=\"1355\"  \/><\/p>\n<p>                FOTO: AFP, LETA<\/p>\n<p>Ekonomik\u0101 Takai\u010di iepriek\u0161 ir atbalst\u012bjusi agres\u012bvus monet\u0101ro m\u012bkstin\u0101\u0161anas un pla\u0161u fisk\u0101lo izdevumu pas\u0101kumus, kas atspogu\u013co vi\u0146as mentora biju\u0161\u0101 Jap\u0101nas premjerministra Sindzo Abes politiku.<\/p>\n<p>P\u0113c iev\u0113l\u0113\u0161anas premjerministres amat\u0101 Takai\u010di priek\u0161\u0101 st\u0101v vair\u0101ki izaicin\u0101jumi \u2013 j\u0101atdz\u012bvina l\u0113ni augo\u0161\u0101 ekonomika, j\u0101p\u0101rvar sare\u017e\u0123\u012bt\u0101s ASV\u2013Jap\u0101nas attiec\u012bbas un j\u0101apvieno sa\u0161\u0137elt\u0101 valdo\u0161\u0101 partija.<\/p>\n<p class=\"ad-desc ad-desc-main\">Saturs turpin\u0101s p\u0113c rekl\u0101mas<\/p>\n<p class=\"ad-desc ad-desc-sec\">Rekl\u0101ma<\/p>\n<p>Smag\u0101 met\u0101la bundziniece un automa\u0161\u012bnu entuziaste \u2013 medijos otrdien cirkul\u0113 ar\u012b da\u017ei interesanti fakti\u201d pat jauno Jap\u0101nas premjerministri. Vi\u0146a agr\u0101k bijusi smag\u0101 met\u0101la grupas bundziniece un bija slavena ar to, ka vienm\u0113r n\u0113s\u0101ja l\u012bdzi daudz bungu v\u0101l\u012btes, jo intens\u012bvas sp\u0113les laik\u0101 t\u0101s bie\u017ei salauza.<\/p>\n<p>Takai\u010di ir ar\u012b automa\u0161\u012bnu entuziaste, bet pirms ien\u0101k\u0161anas politik\u0101 vi\u0146a \u012bsu laiku str\u0101d\u0101ja par telev\u012bzijas raid\u012bjumu vad\u012bt\u0101ju.<\/p>\n<p class=\"tv3-fw-500\">Zi\u0146o par k\u013c\u016bdu rakst\u0101<\/p>\n<p class=\"d-md-block d-none\">Iez\u012bm\u0113 k\u013c\u016bdaino tekstu un spied Ctrl+Enter.<\/p>\n<p class=\"d-md-none d-block\">Iez\u012bm\u0113 k\u013c\u016bdaino tekstu un zi\u0146o par to!<\/p>\n","protected":false},"excerpt":{"rendered":"J\u0101piebilst, ka ASV prezidents Donalds Tramps agr\u0101k vi\u0146u bija raksturojis k\u0101 \u201c\u013coti cien\u012bjamu cilv\u0113ku ar lielu gudr\u012bbu.\u201d Takai\u010di,&hellip;\n","protected":false},"author":2,"featured_media":27058,"comment_status":"","ping_status":"","sticky":false,"template":"","format":"standard","meta":{"footnotes":""},"categories":[5],"tags":[23,28,29,32,33,22,446,30,31,35,39,38,36,37,34,40,20,26,27,24,25,21],"class_list":{"0":"post-27057","1":"post","2":"type-post","3":"status-publish","4":"format-standard","5":"has-post-thumbnail","7":"category-aktualitates","8":"tag-aktualitates","9":"tag-breaking-news","10":"tag-breakingnews","11":"tag-featured-news","12":"tag-featurednews","13":"tag-headlines","14":"tag-japana","15":"tag-latest-news","16":"tag-latestnews","17":"tag-latvia","18":"tag-latvian","19":"tag-latviesu","20":"tag-latviesu-valoda","21":"tag-latviesuvaloda","22":"tag-latvija","23":"tag-lv","24":"tag-news","25":"tag-popularakas-zinas","26":"tag-popularakaszinas","27":"tag-top-stories","28":"tag-topstories","29":"tag-zinas"},"share_on_mastodon":{"url":"","error":""},"_links":{"self":[{"href":"https:\/\/www.europesays.com\/lv\/wp-json\/wp\/v2\/posts\/27057","targetHints":{"allow":["GET"]}}],"collection":[{"href":"https:\/\/www.europesays.com\/lv\/wp-json\/wp\/v2\/posts"}],"about":[{"href":"https:\/\/www.europesays.com\/lv\/wp-json\/wp\/v2\/types\/post"}],"author":[{"embeddable":true,"href":"https:\/\/www.europesays.com\/lv\/wp-json\/wp\/v2\/users\/2"}],"replies":[{"embeddable":true,"href":"https:\/\/www.europesays.com\/lv\/wp-json\/wp\/v2\/comments?post=27057"}],"version-history":[{"count":0,"href":"https:\/\/www.europesays.com\/lv\/wp-json\/wp\/v2\/posts\/27057\/revisions"}],"wp:featuredmedia":[{"embeddable":true,"href":"https:\/\/www.europesays.com\/lv\/wp-json\/wp\/v2\/media\/27058"}],"wp:attachment":[{"href":"https:\/\/www.europesays.com\/lv\/wp-json\/wp\/v2\/media?parent=27057"}],"wp:term":[{"taxonomy":"category","embeddable":true,"href":"https:\/\/www.europesays.com\/lv\/wp-json\/wp\/v2\/categories?post=27057"},{"taxonomy":"post_tag","embeddable":true,"href":"https:\/\/www.europesays.com\/lv\/wp-json\/wp\/v2\/tags?post=27057"}],"curies":[{"name":"wp","href":"https:\/\/api.w.org\/{rel}","templated":true}]}}